{"id":971,"date":"2026-04-28T10:09:50","date_gmt":"2026-04-28T13:09:50","guid":{"rendered":"https:\/\/sites.uel.br\/teatroouroverde\/?p=971"},"modified":"2026-04-28T10:09:51","modified_gmt":"2026-04-28T13:09:51","slug":"osuel-apresenta-concerto-com-obras-de-mozart-e-beethoven-na-serie-catuai","status":"publish","type":"post","link":"https:\/\/sites.uel.br\/teatroouroverde\/programacao\/2026\/04\/28\/osuel-apresenta-concerto-com-obras-de-mozart-e-beethoven-na-serie-catuai\/","title":{"rendered":"OSUEL apresenta concerto com obras de Mozart e Beethoven na S\u00e9rie Catua\u00ed"},"content":{"rendered":"\n<p><em>&#8220;H\u00e1 encontros que revelam a ess\u00eancia da m\u00fasica de concerto: eleg\u00e2ncia, profundidade e brilho.<\/em>&#8220;<\/p>\n\n\n\n<div class=\"wp-block-columns is-layout-flex wp-container-core-columns-is-layout-9d6595d7 wp-block-columns-is-layout-flex\">\n<div class=\"wp-block-column is-layout-flow wp-block-column-is-layout-flow\" style=\"flex-basis:33.33%\">\n<figure class=\"wp-block-image size-full\"><img loading=\"lazy\" decoding=\"async\" width=\"2290\" height=\"2180\" src=\"https:\/\/sites.uel.br\/teatroouroverde\/wp-content\/uploads\/2026\/04\/OSUEL-maio.jpg\" alt=\"\" class=\"wp-image-972\" srcset=\"https:\/\/sites.uel.br\/teatroouroverde\/wp-content\/uploads\/2026\/04\/OSUEL-maio.jpg 2290w, https:\/\/sites.uel.br\/teatroouroverde\/wp-content\/uploads\/2026\/04\/OSUEL-maio-300x286.jpg 300w, https:\/\/sites.uel.br\/teatroouroverde\/wp-content\/uploads\/2026\/04\/OSUEL-maio-1024x975.jpg 1024w, https:\/\/sites.uel.br\/teatroouroverde\/wp-content\/uploads\/2026\/04\/OSUEL-maio-768x731.jpg 768w, https:\/\/sites.uel.br\/teatroouroverde\/wp-content\/uploads\/2026\/04\/OSUEL-maio-1536x1462.jpg 1536w, https:\/\/sites.uel.br\/teatroouroverde\/wp-content\/uploads\/2026\/04\/OSUEL-maio-2048x1950.jpg 2048w\" sizes=\"auto, (max-width: 2290px) 100vw, 2290px\" \/><\/figure>\n<\/div>\n\n\n\n<div class=\"wp-block-column is-layout-flow wp-block-column-is-layout-flow\" style=\"flex-basis:66.66%\">\n<p>A Orquestra Sinf\u00f4nica da Universidade Estadual de Londrina (OSUEL) realiza, nos dias 08 e 09 de maio, \u00e0s 20h, mais uma apresenta\u00e7\u00e3o da S\u00e9rie Catua\u00ed, reunindo obras de Wolfgang Amadeus Mozart e Ludwig van Beethoven em um programa que destaca o equil\u00edbrio e a expressividade do per\u00edodo cl\u00e1ssico.<\/p>\n<\/div>\n<\/div>\n\n\n\n<p>A noite tem in\u00edcio com a abertura da \u00f3pera <em>A Clem\u00eancia de Tito<\/em>, de Mozart, pe\u00e7a que evidencia a escrita clara, nobre e dram\u00e1tica do compositor. Na sequ\u00eancia, o p\u00fablico poder\u00e1 apreciar o Concerto para violino em R\u00e9 maior, de Beethoven, marcado pelo di\u00e1logo entre solista e orquestra, em uma obra que combina lirismo e for\u00e7a expressiva.<\/p>\n\n\n\n<p>Encerrando o programa, a Sinfonia n\u00ba 36 \u201cLinz\u201d, tamb\u00e9m de Mozart, traz uma sonoridade luminosa e en\u00e9rgica, considerada uma das obras mais representativas da fase madura do compositor.<\/p>\n\n\n\n<p>O concerto contar\u00e1 com a dire\u00e7\u00e3o e participa\u00e7\u00e3o do violinista Winston Ramalho, reunindo leveza, virtuosismo e intensidade em uma mesma apresenta\u00e7\u00e3o.<\/p>\n\n\n\n<p>Abertura \u201cA Clem\u00eancia de Tito\u201d \u2013 Mozart<br>Concerto para violino em R\u00e9 Maior \u2013 Beethoven<br>Sinfonia n\u00ba 36 \u201cLinz\u201d \u2013 Mozart<\/p>\n\n\n\n<p><strong>Servi\u00e7o<\/strong><br><strong>Evento:<\/strong> Concerto OSUEL \u2013 S\u00e9rie Catua\u00ed<br><strong>Data:<\/strong> 08 e 09 de maio (sexta-feira e s\u00e1bado)<br><strong>Hor\u00e1rio:<\/strong> 20h<br><strong>Local:<\/strong> Cine Teatro Universit\u00e1rio Ouro Verde<br><strong>Ingressos:<\/strong> na plataforma online <a href=\"https:\/\/osuel.pagtickets.com.br\/\" target=\"_blank\" rel=\"noreferrer noopener\">Funda\u00e7\u00e3o HUTec-OSUEL<\/a><br><strong>Classifica\u00e7\u00e3o:<\/strong> livre<\/p>\n\n\n\n<p><\/p>\n\n\n\n<p><\/p>\n\n\n\n<p><em>Foto: Bebel Ritzmann<\/em><\/p>\n","protected":false},"excerpt":{"rendered":"<p>&#8220;H\u00e1 encontros que revelam a ess\u00eancia da m\u00fasica de concerto: eleg\u00e2ncia, profundidade e brilho.&#8220; A Orquestra Sinf\u00f4nica da Universidade Estadual de Londrina (OSUEL) realiza, nos dias 08 e 09 de maio, \u00e0s 20h, mais uma apresenta\u00e7\u00e3o da S\u00e9rie Catua\u00ed, reunindo obras de Wolfgang Amadeus Mozart e Ludwig van Beethoven em um programa que destaca o [&hellip;]<\/p>\n","protected":false},"author":8,"featured_media":341,"comment_status":"open","ping_status":"open","sticky":false,"template":"","format":"standard","meta":{"_acf_changed":false,"_themeisle_gutenberg_block_has_review":false,"footnotes":""},"categories":[4],"tags":[24,23,22,21,12],"class_list":["post-971","post","type-post","status-publish","format-standard","has-post-thumbnail","hentry","category-programacao","tag-beethoven","tag-mozart","tag-musica","tag-orquestra","tag-osuel"],"acf":[],"_links":{"self":[{"href":"https:\/\/sites.uel.br\/teatroouroverde\/wp-json\/wp\/v2\/posts\/971","targetHints":{"allow":["GET"]}}],"collection":[{"href":"https:\/\/sites.uel.br\/teatroouroverde\/wp-json\/wp\/v2\/posts"}],"about":[{"href":"https:\/\/sites.uel.br\/teatroouroverde\/wp-json\/wp\/v2\/types\/post"}],"author":[{"embeddable":true,"href":"https:\/\/sites.uel.br\/teatroouroverde\/wp-json\/wp\/v2\/users\/8"}],"replies":[{"embeddable":true,"href":"https:\/\/sites.uel.br\/teatroouroverde\/wp-json\/wp\/v2\/comments?post=971"}],"version-history":[{"count":1,"href":"https:\/\/sites.uel.br\/teatroouroverde\/wp-json\/wp\/v2\/posts\/971\/revisions"}],"predecessor-version":[{"id":973,"href":"https:\/\/sites.uel.br\/teatroouroverde\/wp-json\/wp\/v2\/posts\/971\/revisions\/973"}],"wp:featuredmedia":[{"embeddable":true,"href":"https:\/\/sites.uel.br\/teatroouroverde\/wp-json\/wp\/v2\/media\/341"}],"wp:attachment":[{"href":"https:\/\/sites.uel.br\/teatroouroverde\/wp-json\/wp\/v2\/media?parent=971"}],"wp:term":[{"taxonomy":"category","embeddable":true,"href":"https:\/\/sites.uel.br\/teatroouroverde\/wp-json\/wp\/v2\/categories?post=971"},{"taxonomy":"post_tag","embeddable":true,"href":"https:\/\/sites.uel.br\/teatroouroverde\/wp-json\/wp\/v2\/tags?post=971"}],"curies":[{"name":"wp","href":"https:\/\/api.w.org\/{rel}","templated":true}]}}