{"id":958,"date":"2026-04-22T14:10:31","date_gmt":"2026-04-22T17:10:31","guid":{"rendered":"https:\/\/sites.uel.br\/teatroouroverde\/?p=958"},"modified":"2026-04-22T14:13:25","modified_gmt":"2026-04-22T17:13:25","slug":"circulasons-2026-propoe-uma-imersao-nas-tradicoes-culturais-dos-povos-originarios","status":"publish","type":"post","link":"https:\/\/sites.uel.br\/teatroouroverde\/programacao\/2026\/04\/22\/circulasons-2026-propoe-uma-imersao-nas-tradicoes-culturais-dos-povos-originarios\/","title":{"rendered":"Circulasons 2026 prop\u00f5e uma imers\u00e3o nas tradi\u00e7\u00f5es culturais dos povos origin\u00e1rios"},"content":{"rendered":"\n<div class=\"wp-block-columns is-layout-flex wp-container-core-columns-is-layout-9d6595d7 wp-block-columns-is-layout-flex\">\n<div class=\"wp-block-column is-layout-flow wp-block-column-is-layout-flow\" style=\"flex-basis:33.33%\">\n<figure class=\"wp-block-image size-large\"><img loading=\"lazy\" decoding=\"async\" width=\"1024\" height=\"536\" src=\"https:\/\/sites.uel.br\/teatroouroverde\/wp-content\/uploads\/2026\/04\/tela-sympla.jpg-1024x536.jpeg\" alt=\"\" class=\"wp-image-959\" srcset=\"https:\/\/sites.uel.br\/teatroouroverde\/wp-content\/uploads\/2026\/04\/tela-sympla.jpg-1024x536.jpeg 1024w, https:\/\/sites.uel.br\/teatroouroverde\/wp-content\/uploads\/2026\/04\/tela-sympla.jpg-300x157.jpeg 300w, https:\/\/sites.uel.br\/teatroouroverde\/wp-content\/uploads\/2026\/04\/tela-sympla.jpg-768x402.jpeg 768w, https:\/\/sites.uel.br\/teatroouroverde\/wp-content\/uploads\/2026\/04\/tela-sympla.jpg-1536x804.jpeg 1536w, https:\/\/sites.uel.br\/teatroouroverde\/wp-content\/uploads\/2026\/04\/tela-sympla.jpg.jpeg 1600w\" sizes=\"auto, (max-width: 1024px) 100vw, 1024px\" \/><\/figure>\n<\/div>\n\n\n\n<div class=\"wp-block-column is-layout-flow wp-block-column-is-layout-flow\" style=\"flex-basis:66.66%\">\n<p>De 1\u00ba a 10 de maio, a 6\u00aa edi\u00e7\u00e3o do circulasons \u2013\u00a0<em>Escuta! M\u00fasica e Ecologia\u00a0Sonora<\/em>\u00a0prop\u00f5e uma imers\u00e3o sensorial nas tradi\u00e7\u00f5es culturais e musicais dos povos origin\u00e1rios do Brasil, nas sonoridades das florestas, nos sons da natureza e tamb\u00e9m nos ru\u00eddos e ritmos urbanos. <\/p>\n<\/div>\n<\/div>\n\n\n\n<p>O festival convida o p\u00fablico a ampliar sua percep\u00e7\u00e3o e experimentar novas formas de escuta, em um encontro entre arte, territ\u00f3rio e reflex\u00e3o.<\/p>\n\n\n\n<p>As inscri\u00e7\u00f5es s\u00e3o gratuitas. Garanta a sua vaga na plataforma Sympla &#8211; <a href=\"http:\/\/www.sympla.com.br\/produtor\/circulasons2026\">clique aqui<\/a><\/p>\n\n\n\n<p>Com uma programa\u00e7\u00e3o extensa e diversa, o evento re\u00fane shows, concerto, exposi\u00e7\u00f5es, oficinas, rodas de conversa, mostra de cinema, mostra de r\u00e1dio e o Espa\u00e7o de Escuta. Entre os destaques, est\u00e3o artistas e pesquisadores reconhecidos pelo trabalho com a cultura ind\u00edgena e pela atua\u00e7\u00e3o no campo da ecologia humana e sonora.<\/p>\n\n\n\n<p>\u00c9 o caso de Djuena Tikuna; Marlui Miranda acompanhada dos super m\u00fasicos Paulo Bellinati (viol\u00e3o), Rodolfo Stroeter (contrabaixo), Ca\u00edto Marcondes (percuss\u00e3o) e Ricardo Mosca (bateria); Magda Pucci; Angela Pappiani; Fabio Caramuru; Val\u00e9ria Bonaf\u00e9; Jos\u00e9 Augusto Mannis; entre outros.<\/p>\n\n\n\n<p>A programa\u00e7\u00e3o completa est\u00e1 nas redes sociais do Festival (@circulasons)! Acompanhe!<\/p>\n\n\n\n<p>O 6\u00ba Festival circulasons \u2013 Escuta! M\u00fasica e Ecologia Sonora ser\u00e1 realizado de 1 a 10 de maio. Idealiza\u00e7\u00e3o, curadoria e produ\u00e7\u00e3o: Janete El Haouli, Coordena\u00e7\u00e3o de projeto e produ\u00e7\u00e3o Fabr\u00edcio Polido.<\/p>\n\n\n\n<p>Patroc\u00ednio: Prefeitura de Londrina \u2013 Secretaria Municipal de Cultura, Unimed, Sisprime, Pennacchi, Amadeus, Bravino. Apoio: Casa de Cultura da UEL e Divis\u00e3o de Artes C\u00eanicas, R\u00e1dio UEL FM, CUIA-UEL, Sesc Cadei\u00e3o Cultural, Museu do Caf\u00e9, Restaurante Caco, Joia &amp; Cozinha e Boemia, Restaurante D\u00e1 Licen\u00e7a, Hotel Crystal, Ibrahim Gastronomia, Olga &#8211; A livraria da cidade, Rede de Amigos e Apoiadores do circulasons, Folha de Londrina, Midiograf, Visualit\u00e1.<\/p>\n\n\n\n<p>Espet\u00e1culos no Cine Teatro Universit\u00e1rio Ouro Verde:<\/p>\n\n\n\n<div class=\"wp-block-columns is-layout-flex wp-container-core-columns-is-layout-9d6595d7 wp-block-columns-is-layout-flex\">\n<div class=\"wp-block-column is-layout-flow wp-block-column-is-layout-flow\"><div class=\"wp-block-image\">\n<figure class=\"aligncenter size-full is-resized\"><img loading=\"lazy\" decoding=\"async\" width=\"634\" height=\"862\" src=\"https:\/\/sites.uel.br\/teatroouroverde\/wp-content\/uploads\/2026\/04\/CIRCULASONS-1.jpeg\" alt=\"\" class=\"wp-image-960\" style=\"aspect-ratio:0.7355030621172354;object-fit:cover;width:303px;height:auto\" srcset=\"https:\/\/sites.uel.br\/teatroouroverde\/wp-content\/uploads\/2026\/04\/CIRCULASONS-1.jpeg 634w, https:\/\/sites.uel.br\/teatroouroverde\/wp-content\/uploads\/2026\/04\/CIRCULASONS-1-221x300.jpeg 221w\" sizes=\"auto, (max-width: 634px) 100vw, 634px\" \/><\/figure>\n<\/div><\/div>\n\n\n\n<div class=\"wp-block-column is-layout-flow wp-block-column-is-layout-flow\"><div class=\"wp-block-image\">\n<figure class=\"aligncenter size-full\"><img loading=\"lazy\" decoding=\"async\" width=\"680\" height=\"854\" src=\"https:\/\/sites.uel.br\/teatroouroverde\/wp-content\/uploads\/2026\/04\/CIRCULASONS-2.jpeg\" alt=\"\" class=\"wp-image-961\" style=\"aspect-ratio:0.7962570086376723;object-fit:cover\" srcset=\"https:\/\/sites.uel.br\/teatroouroverde\/wp-content\/uploads\/2026\/04\/CIRCULASONS-2.jpeg 680w, https:\/\/sites.uel.br\/teatroouroverde\/wp-content\/uploads\/2026\/04\/CIRCULASONS-2-239x300.jpeg 239w\" sizes=\"auto, (max-width: 680px) 100vw, 680px\" \/><\/figure>\n<\/div><\/div>\n\n\n\n<div class=\"wp-block-column is-layout-flow wp-block-column-is-layout-flow\"><div class=\"wp-block-image\">\n<figure class=\"aligncenter size-full is-resized\"><img loading=\"lazy\" decoding=\"async\" width=\"631\" height=\"858\" src=\"https:\/\/sites.uel.br\/teatroouroverde\/wp-content\/uploads\/2026\/04\/CIRCULASONS-3.jpeg\" alt=\"\" class=\"wp-image-962\" style=\"aspect-ratio:0.7354515869405466;object-fit:cover;width:300px\" srcset=\"https:\/\/sites.uel.br\/teatroouroverde\/wp-content\/uploads\/2026\/04\/CIRCULASONS-3.jpeg 631w, https:\/\/sites.uel.br\/teatroouroverde\/wp-content\/uploads\/2026\/04\/CIRCULASONS-3-221x300.jpeg 221w\" sizes=\"auto, (max-width: 631px) 100vw, 631px\" \/><\/figure>\n<\/div><\/div>\n<\/div>\n\n\n\n<p>Realiza\u00e7\u00e3o: Associa\u00e7\u00e3o da Alian\u00e7a Francesa de Londrina e TOCA arte a\u00e7\u00e3o cria\u00e7\u00e3o.&nbsp;<\/p>\n\n\n\n<hr class=\"wp-block-separator has-alpha-channel-opacity\"\/>\n","protected":false},"excerpt":{"rendered":"<p>De 1\u00ba a 10 de maio, a 6\u00aa edi\u00e7\u00e3o do circulasons \u2013\u00a0Escuta! M\u00fasica e Ecologia\u00a0Sonora\u00a0prop\u00f5e uma imers\u00e3o sensorial nas tradi\u00e7\u00f5es culturais e musicais dos povos origin\u00e1rios do Brasil, nas sonoridades das florestas, nos sons da natureza e tamb\u00e9m nos ru\u00eddos e ritmos urbanos. O festival convida o p\u00fablico a ampliar sua percep\u00e7\u00e3o e experimentar novas [&hellip;]<\/p>\n","protected":false},"author":8,"featured_media":959,"comment_status":"open","ping_status":"open","sticky":false,"template":"","format":"standard","meta":{"_acf_changed":false,"_themeisle_gutenberg_block_has_review":false,"footnotes":""},"categories":[4],"tags":[],"class_list":["post-958","post","type-post","status-publish","format-standard","has-post-thumbnail","hentry","category-programacao"],"acf":[],"_links":{"self":[{"href":"https:\/\/sites.uel.br\/teatroouroverde\/wp-json\/wp\/v2\/posts\/958","targetHints":{"allow":["GET"]}}],"collection":[{"href":"https:\/\/sites.uel.br\/teatroouroverde\/wp-json\/wp\/v2\/posts"}],"about":[{"href":"https:\/\/sites.uel.br\/teatroouroverde\/wp-json\/wp\/v2\/types\/post"}],"author":[{"embeddable":true,"href":"https:\/\/sites.uel.br\/teatroouroverde\/wp-json\/wp\/v2\/users\/8"}],"replies":[{"embeddable":true,"href":"https:\/\/sites.uel.br\/teatroouroverde\/wp-json\/wp\/v2\/comments?post=958"}],"version-history":[{"count":5,"href":"https:\/\/sites.uel.br\/teatroouroverde\/wp-json\/wp\/v2\/posts\/958\/revisions"}],"predecessor-version":[{"id":967,"href":"https:\/\/sites.uel.br\/teatroouroverde\/wp-json\/wp\/v2\/posts\/958\/revisions\/967"}],"wp:featuredmedia":[{"embeddable":true,"href":"https:\/\/sites.uel.br\/teatroouroverde\/wp-json\/wp\/v2\/media\/959"}],"wp:attachment":[{"href":"https:\/\/sites.uel.br\/teatroouroverde\/wp-json\/wp\/v2\/media?parent=958"}],"wp:term":[{"taxonomy":"category","embeddable":true,"href":"https:\/\/sites.uel.br\/teatroouroverde\/wp-json\/wp\/v2\/categories?post=958"},{"taxonomy":"post_tag","embeddable":true,"href":"https:\/\/sites.uel.br\/teatroouroverde\/wp-json\/wp\/v2\/tags?post=958"}],"curies":[{"name":"wp","href":"https:\/\/api.w.org\/{rel}","templated":true}]}}