{"id":770,"date":"2025-11-17T09:45:35","date_gmt":"2025-11-17T12:45:35","guid":{"rendered":"https:\/\/sites.uel.br\/teatroouroverde\/?p=770"},"modified":"2025-11-17T10:04:41","modified_gmt":"2025-11-17T13:04:41","slug":"re-tinturas","status":"publish","type":"post","link":"https:\/\/sites.uel.br\/teatroouroverde\/programacao\/2025\/11\/17\/re-tinturas\/","title":{"rendered":"Re-Tinturas"},"content":{"rendered":"\n<div class=\"wp-block-columns is-layout-flex wp-container-core-columns-is-layout-9d6595d7 wp-block-columns-is-layout-flex\">\n<div class=\"wp-block-column is-layout-flow wp-block-column-is-layout-flow\" style=\"flex-basis:33.33%\">\n<figure class=\"wp-block-image size-large\"><img loading=\"lazy\" decoding=\"async\" width=\"819\" height=\"1024\" src=\"https:\/\/sites.uel.br\/teatroouroverde\/wp-content\/uploads\/2025\/11\/Retinturas-819x1024.jpeg\" alt=\"\" class=\"wp-image-771\" srcset=\"https:\/\/sites.uel.br\/teatroouroverde\/wp-content\/uploads\/2025\/11\/Retinturas-819x1024.jpeg 819w, https:\/\/sites.uel.br\/teatroouroverde\/wp-content\/uploads\/2025\/11\/Retinturas-240x300.jpeg 240w, https:\/\/sites.uel.br\/teatroouroverde\/wp-content\/uploads\/2025\/11\/Retinturas-768x960.jpeg 768w, https:\/\/sites.uel.br\/teatroouroverde\/wp-content\/uploads\/2025\/11\/Retinturas.jpeg 1080w\" sizes=\"auto, (max-width: 819px) 100vw, 819px\" \/><\/figure>\n<\/div>\n\n\n\n<div class=\"wp-block-column is-layout-flow wp-block-column-is-layout-flow\" style=\"flex-basis:66.66%\">\n<p>O Bal\u00e9 Alma Negra estreia no pr\u00f3ximo dia 20 (quinta-feira), o Dia Nacional de Zumbi e da Consci\u00eancia Negra, o espet\u00e1culo de dan\u00e7a contempor\u00e2nea \u201cRe-Tinturas\u201d, no palco do Teatro Ouro Verde, \u00e0s 20h, com ingressos gratuitos. <\/p>\n\n\n\n<p>Uma segunda sess\u00e3o est\u00e1 marcada para o dia 22 (s\u00e1bado), no mesmo espa\u00e7o e hor\u00e1rio.<br><\/p>\n\n\n\n<p>Classifica\u00e7\u00e3o indicativa: 14 anos<\/p>\n<\/div>\n<\/div>\n\n\n\n<p>As entradas podem ser retiradas na bilheteria do teatro a partir das 19h, nos dias das apresenta\u00e7\u00f5es.<br>Projeto aprovado pela Secretaria de Estado da Cultura \u2013 Governo do Paran\u00e1, com recursos da Pol\u00edtica Nacional Aldir Blanc de fomento \u00e0 Cultura, Minist\u00e9rio da Cultura \u2013 Governo Federal.<\/p>\n\n\n\n<p>RE-TINTURAS<br>Sob o signo do encontro e dos tons e entretons de nossa pele, nossa vida brota em movimento; cada corpo ou corpa se revela e se articula como forma de existir e suportar. H\u00e1 o deleite e o enfrentamento. H\u00e1 a alegria de viver e a ang\u00fastia de se estar no mundo. H\u00e1 o olhar c\u00famplice na hora da pot\u00eancia de vida, e na amea\u00e7a de morte.<\/p>\n\n\n\n<hr class=\"wp-block-separator has-alpha-channel-opacity\"\/>\n","protected":false},"excerpt":{"rendered":"<p>O Bal\u00e9 Alma Negra estreia no pr\u00f3ximo dia 20 (quinta-feira), o Dia Nacional de Zumbi e da Consci\u00eancia Negra, o espet\u00e1culo de dan\u00e7a contempor\u00e2nea \u201cRe-Tinturas\u201d, no palco do Teatro Ouro Verde, \u00e0s 20h, com ingressos gratuitos. Uma segunda sess\u00e3o est\u00e1 marcada para o dia 22 (s\u00e1bado), no mesmo espa\u00e7o e hor\u00e1rio. Classifica\u00e7\u00e3o indicativa: 14 anos [&hellip;]<\/p>\n","protected":false},"author":8,"featured_media":771,"comment_status":"open","ping_status":"open","sticky":false,"template":"","format":"standard","meta":{"_acf_changed":false,"_themeisle_gutenberg_block_has_review":false,"footnotes":""},"categories":[4],"tags":[],"class_list":["post-770","post","type-post","status-publish","format-standard","has-post-thumbnail","hentry","category-programacao"],"acf":[],"_links":{"self":[{"href":"https:\/\/sites.uel.br\/teatroouroverde\/wp-json\/wp\/v2\/posts\/770","targetHints":{"allow":["GET"]}}],"collection":[{"href":"https:\/\/sites.uel.br\/teatroouroverde\/wp-json\/wp\/v2\/posts"}],"about":[{"href":"https:\/\/sites.uel.br\/teatroouroverde\/wp-json\/wp\/v2\/types\/post"}],"author":[{"embeddable":true,"href":"https:\/\/sites.uel.br\/teatroouroverde\/wp-json\/wp\/v2\/users\/8"}],"replies":[{"embeddable":true,"href":"https:\/\/sites.uel.br\/teatroouroverde\/wp-json\/wp\/v2\/comments?post=770"}],"version-history":[{"count":2,"href":"https:\/\/sites.uel.br\/teatroouroverde\/wp-json\/wp\/v2\/posts\/770\/revisions"}],"predecessor-version":[{"id":773,"href":"https:\/\/sites.uel.br\/teatroouroverde\/wp-json\/wp\/v2\/posts\/770\/revisions\/773"}],"wp:featuredmedia":[{"embeddable":true,"href":"https:\/\/sites.uel.br\/teatroouroverde\/wp-json\/wp\/v2\/media\/771"}],"wp:attachment":[{"href":"https:\/\/sites.uel.br\/teatroouroverde\/wp-json\/wp\/v2\/media?parent=770"}],"wp:term":[{"taxonomy":"category","embeddable":true,"href":"https:\/\/sites.uel.br\/teatroouroverde\/wp-json\/wp\/v2\/categories?post=770"},{"taxonomy":"post_tag","embeddable":true,"href":"https:\/\/sites.uel.br\/teatroouroverde\/wp-json\/wp\/v2\/tags?post=770"}],"curies":[{"name":"wp","href":"https:\/\/api.w.org\/{rel}","templated":true}]}}