{"id":694,"date":"2025-10-10T11:22:22","date_gmt":"2025-10-10T14:22:22","guid":{"rendered":"https:\/\/sites.uel.br\/teatroouroverde\/?p=694"},"modified":"2025-10-14T09:55:46","modified_gmt":"2025-10-14T12:55:46","slug":"osuel-uma-noite-para-mergulhar-no-universo-de-mozart-e-grandes-mestres-da-musica","status":"publish","type":"post","link":"https:\/\/sites.uel.br\/teatroouroverde\/programacao\/2025\/10\/10\/osuel-uma-noite-para-mergulhar-no-universo-de-mozart-e-grandes-mestres-da-musica\/","title":{"rendered":"OSUEL apresenta a genialidade de Carlos Gomes, Gluck e Mozart"},"content":{"rendered":"\n<p class=\"has-text-align-center\"><em>Quarto concerto da S\u00e9rie Ar\u00e1bica destaca o di\u00e1logo entre a m\u00fasica brasileira\u00a0e o repert\u00f3rio europeu<\/em><\/p>\n\n\n\n<div class=\"wp-block-columns is-layout-flex wp-container-core-columns-is-layout-9d6595d7 wp-block-columns-is-layout-flex\">\n<div class=\"wp-block-column is-layout-flow wp-block-column-is-layout-flow\"><div class=\"wp-block-image\">\n<figure class=\"aligncenter size-full is-resized\"><img loading=\"lazy\" decoding=\"async\" width=\"581\" height=\"727\" src=\"https:\/\/sites.uel.br\/teatroouroverde\/wp-content\/uploads\/2025\/10\/OSUEL-out-2.jpeg\" alt=\"\" class=\"wp-image-695\" style=\"width:364px;height:auto\" srcset=\"https:\/\/sites.uel.br\/teatroouroverde\/wp-content\/uploads\/2025\/10\/OSUEL-out-2.jpeg 581w, https:\/\/sites.uel.br\/teatroouroverde\/wp-content\/uploads\/2025\/10\/OSUEL-out-2-240x300.jpeg 240w\" sizes=\"auto, (max-width: 581px) 100vw, 581px\" \/><\/figure>\n<\/div><\/div>\n\n\n\n<div class=\"wp-block-column is-layout-flow wp-block-column-is-layout-flow\"><div class=\"wp-block-image\">\n<figure class=\"aligncenter size-full is-resized\"><img loading=\"lazy\" decoding=\"async\" width=\"576\" height=\"722\" src=\"https:\/\/sites.uel.br\/teatroouroverde\/wp-content\/uploads\/2025\/10\/OSUEL-out-1.jpeg\" alt=\"\" class=\"wp-image-696\" style=\"width:365px;height:auto\" srcset=\"https:\/\/sites.uel.br\/teatroouroverde\/wp-content\/uploads\/2025\/10\/OSUEL-out-1.jpeg 576w, https:\/\/sites.uel.br\/teatroouroverde\/wp-content\/uploads\/2025\/10\/OSUEL-out-1-239x300.jpeg 239w\" sizes=\"auto, (max-width: 576px) 100vw, 576px\" \/><\/figure>\n<\/div><\/div>\n<\/div>\n\n\n\n<p>Com reg\u00eancia do maestro titular Rossini Parucci, a Orquestra Sinf\u00f4nica da Universidade Estadual de Londrina (OSUEL) realiza na pr\u00f3xima quinta (16) e sexta-feira (17), \u00e0s 20h30, no Cine Teatro Ouro Verde, mais um concerto da \u201cS\u00e9rie Ar\u00e1bica\u201d, proporcionando ao p\u00fablico um passeio por diferentes estilos musicais.<\/p>\n\n\n\n<p>O programa da noite vai unir o humor do compositor brasileiro Carlos Gomes, a delicadeza espiritual do alem\u00e3o Christoph Willibald Gluck e a genialidade do austr\u00edaco Wolfgang Amadeus Mozart.&nbsp;Os ingressos j\u00e1 est\u00e3o \u00e0 venda e podem ser adquiridos atrav\u00e9s da plataforma&nbsp;<a href=\"http:\/\/osuel.pagtickets.com.br\/\" target=\"_blank\" rel=\"noreferrer noopener\">osuel.pagtickets.com.br<\/a>.<\/p>\n\n\n\n<p>A abertura do concerto ser\u00e1 com a Sonata para Cordas \u201cO Burrico de Pau\u201d, de Carlos Gomes. O curioso subt\u00edtulo remete ao movimento final da obra, no qual o compositor retrata um sonho em que se via indo para o c\u00e9u montado num burrico de pau.&nbsp;Neste movimento, ele se diverte criando sons musicais que imitam o zurro do burrico &#8211; \u201cii-\u00f3, ii-\u00f3\u201d &#8211;&nbsp;e um ritmo que alterna entre o galope e a leveza, conduzindo o ouvinte a um desfecho vibrante.<\/p>\n\n\n\n<p>Na sequ\u00eancia,&nbsp;o solista&nbsp;Jussival Rocha dos Santos,&nbsp;flautista&nbsp;da OSUEL,&nbsp;executar\u00e1 duas obras lind\u00edssimas: \u201cA Dan\u00e7a dos Esp\u00edritos Aben\u00e7oados\u201d, de Christoph Gluck, e o \u201cAndante para Flauta\u201d, de Mozart. A primeira, extra\u00edda da \u00f3pera Orfeu e Eur\u00eddice, \u00e9 uma das melodias mais&nbsp;encantadoras&nbsp;do repert\u00f3rio cl\u00e1ssico, retratando a jornada de Orfeu,&nbsp;um m\u00fasico lend\u00e1rio da mitologia grega que viajou ao submundo para implorar pela liberta\u00e7\u00e3o de sua falecida esposa, Eur\u00eddice.<\/p>\n\n\n\n<p>J\u00e1 o \u201cAndante para Flauta\u201d, de Mozart, foi composta em 1778 como uma poss\u00edvel alternativa para o segundo movimento de um dos v\u00e1rios concertos encomendados por Ferdinand De Jean, um flautista amador da Holanda. Mozart concluiu parcialmente a encomenda e, de qualquer forma, o \u201cAndante\u201d acabou se tornando uma pe\u00e7a de concerto independente.<\/p>\n\n\n\n<p><strong>Sinfonia n\u00ba 29<\/strong><\/p>\n\n\n\n<p>Encerrando a noite, a OSUEL interpreta a Sinfonia n\u00ba 29, de Mozart, composta quando o autor tinha apenas 18 anos. Escrita logo ap\u00f3s uma temporada em Viena ao lado de seu pai, a obra reflete a amplia\u00e7\u00e3o de horizontes do compositor e seu contato com as cria\u00e7\u00f5es inovadoras de Joseph Haydn.&nbsp;A Sinfonia n\u00ba 29 \u00e9 considerada um momento crucial na trajet\u00f3ria de Mozart, representando um salto em termos de maturidade composicional em rela\u00e7\u00e3o \u00e0s suas obras anteriores.<\/p>\n\n\n\n<p><strong><em>Servi\u00e7o:<\/em><\/strong><em><br><strong>Concerto da Orquestra Sinf\u00f4nica da UEL \u2013 S\u00e9rie Ar\u00e1bica<\/strong><\/em><\/p>\n\n\n\n<p><strong><em>Quando:<\/em><\/strong><em>&nbsp;quinta (16) e sexta-feira (17)<\/em><\/p>\n\n\n\n<p><strong><em>Hor\u00e1rio:<\/em><\/strong><em>&nbsp;20h30<\/em><\/p>\n\n\n\n<p><strong><em>Onde:<\/em><\/strong><strong><em>&nbsp;<\/em><\/strong><em>Cine Teatro Ouro Verde<\/em><\/p>\n\n\n\n<p><strong><em>Informa\u00e7\u00f5es:<\/em><\/strong><em>&nbsp;(43) 3322-6381<\/em><\/p>\n\n\n\n<p><strong><em>Ingressos:<\/em><\/strong><em>&nbsp;<\/em><a href=\"https:\/\/osuel.pagtickets.com.br\/\" target=\"_blank\" rel=\"noreferrer noopener\"><em>osuel.pagtickets.com.br<\/em><\/a><em><\/em><\/p>\n\n\n\n<p><strong>Sobre o Solista \u2013 JUSSIVAL ROCHA DOS SANTOS<\/strong><\/p>\n\n\n\n<p>Natural de Sergipe, iniciou seus estudos musicais com o professor Adailton dos Santos Andrade. Ingressou em seguida na Lira Sancristovense, na sua cidade natal, e posteriormente matriculou se na classe de Flauta Transversal do Conservat\u00f3rio de M\u00fasica de Sergipe. \u00c9 Mestre em M\u00fasica \u2013 Pr\u00e1ticas Interpretativas pela UNIRIO (Universidade Federal do Estado do Rio de Janeiro), com especializa\u00e7\u00e3o em M\u00fasica \u2013 Reg\u00eancia pela UNOPAR (Universidade Norte do Paran\u00e1) e licenciatura em M\u00fasica e em Ci\u00eancias Sociais pela UEL (Universidade Estadual de Londrina). Participou tamb\u00e9m de curso de aperfei\u00e7oamento na Universidade da Georgia, nos Estados Unidos da<\/p>\n\n\n\n<p>Atualmente \u00e9 o primeiro flautista da OSUEL, com a qual desempenhou atividades sol\u00edsticas em diversas ocasi\u00f5es. \u00c9 autor do livro Mulheres Guerreiras da B\u00edblia, publicado pela Editora Santu\u00e1rio em tr\u00eas edi\u00e7\u00f5es, j\u00e1 esgotadas.<\/p>\n\n\n\n<p>Adquira seu ingresso pelo site: <a href=\"https:\/\/osuel.pagtickets.com.br\/\">https:\/\/osuel.pagtickets.com.br\/<\/a><\/p>\n\n\n\n<p><\/p>\n\n\n\n<p><em>Fonte: Assessoria de comunica\u00e7\u00e3o OSUEL \/ Emilia Miyazaki &#8211;\u00a0Jornalista<\/em><\/p>\n\n\n\n<hr class=\"wp-block-separator has-alpha-channel-opacity\"\/>\n\n\n\n<p><\/p>\n","protected":false},"excerpt":{"rendered":"<p>Quarto concerto da S\u00e9rie Ar\u00e1bica destaca o di\u00e1logo entre a m\u00fasica brasileira\u00a0e o repert\u00f3rio europeu Com reg\u00eancia do maestro titular Rossini Parucci, a Orquestra Sinf\u00f4nica da Universidade Estadual de Londrina (OSUEL) realiza na pr\u00f3xima quinta (16) e sexta-feira (17), \u00e0s 20h30, no Cine Teatro Ouro Verde, mais um concerto da \u201cS\u00e9rie Ar\u00e1bica\u201d, proporcionando ao p\u00fablico [&hellip;]<\/p>\n","protected":false},"author":8,"featured_media":696,"comment_status":"open","ping_status":"open","sticky":false,"template":"","format":"standard","meta":{"_acf_changed":false,"_themeisle_gutenberg_block_has_review":false,"footnotes":""},"categories":[4],"tags":[],"class_list":["post-694","post","type-post","status-publish","format-standard","has-post-thumbnail","hentry","category-programacao"],"acf":[],"_links":{"self":[{"href":"https:\/\/sites.uel.br\/teatroouroverde\/wp-json\/wp\/v2\/posts\/694","targetHints":{"allow":["GET"]}}],"collection":[{"href":"https:\/\/sites.uel.br\/teatroouroverde\/wp-json\/wp\/v2\/posts"}],"about":[{"href":"https:\/\/sites.uel.br\/teatroouroverde\/wp-json\/wp\/v2\/types\/post"}],"author":[{"embeddable":true,"href":"https:\/\/sites.uel.br\/teatroouroverde\/wp-json\/wp\/v2\/users\/8"}],"replies":[{"embeddable":true,"href":"https:\/\/sites.uel.br\/teatroouroverde\/wp-json\/wp\/v2\/comments?post=694"}],"version-history":[{"count":3,"href":"https:\/\/sites.uel.br\/teatroouroverde\/wp-json\/wp\/v2\/posts\/694\/revisions"}],"predecessor-version":[{"id":700,"href":"https:\/\/sites.uel.br\/teatroouroverde\/wp-json\/wp\/v2\/posts\/694\/revisions\/700"}],"wp:featuredmedia":[{"embeddable":true,"href":"https:\/\/sites.uel.br\/teatroouroverde\/wp-json\/wp\/v2\/media\/696"}],"wp:attachment":[{"href":"https:\/\/sites.uel.br\/teatroouroverde\/wp-json\/wp\/v2\/media?parent=694"}],"wp:term":[{"taxonomy":"category","embeddable":true,"href":"https:\/\/sites.uel.br\/teatroouroverde\/wp-json\/wp\/v2\/categories?post=694"},{"taxonomy":"post_tag","embeddable":true,"href":"https:\/\/sites.uel.br\/teatroouroverde\/wp-json\/wp\/v2\/tags?post=694"}],"curies":[{"name":"wp","href":"https:\/\/api.w.org\/{rel}","templated":true}]}}