{"id":5395,"date":"2024-01-26T15:05:17","date_gmt":"2024-01-26T18:05:17","guid":{"rendered":"https:\/\/sites.uel.br\/sustentabilidade\/?p=5395"},"modified":"2024-10-10T16:40:46","modified_gmt":"2024-10-10T19:40:46","slug":"assistenciafisioterapeutica-mulherescomcancer","status":"publish","type":"post","link":"https:\/\/sites.uel.br\/sustentabilidade\/assistenciafisioterapeutica-mulherescomcancer\/","title":{"rendered":"\u00a0Assist\u00eancia fisioterap\u00eautica a mulheres, de Londrina e regi\u00e3o metropolitana"},"content":{"rendered":"\n<p class=\"has-text-align-left\">O Projeto de Extens\u00e3o do Curso de Fisioterapia da UEL denominado \u201cAssist\u00eancia Fisioterap\u00eautica a Mulheres, de Londrina e Regi\u00e3o Metropolitana, com Hist\u00f3rico de C\u00e2ncer de Mama e Ginecol\u00f3gico\u201d, tem como objetivo prevenir e\/ou reduzir as morbidades associadas ao tratamento onco ginecol\u00f3gico e onco mam\u00e1rio, promovendo o acolhimento, cuidado humanizado e especializado; al\u00e9m de proporcionar ao aluno a viv\u00eancia te\u00f3rica pr\u00e1tica baseada em evid\u00eancia, agregando valor ao seu curr\u00edculo e projeto de vida e carreira.<\/p>\n\n\n\n<p class=\"has-text-align-left\">O projeto \u00e9 executado no Ambulat\u00f3rio de Fisioterapia do HU\/UEL, AEHU\/UEL e na Casa de Apoio Madre Leonia. Ademais, o projeto se compromete com um dos 17 ODS (Objetivos de Desenvolvimento Sustent\u00e1vel) que \u00e9 promover a sa\u00fade e o bem estar (objetivo 3) contribuindo para os avan\u00e7os na \u00e1rea da Fisioterapia, em Sa\u00fade da Mulher.<\/p>\n\n\n\n<p class=\"has-text-align-left\"><strong>Coordenador: <\/strong>Profa. Dra. Ana Paula de Melo Ferreira<\/p>\n\n\n\n<p><strong>Contato:<\/strong> <strong>&nbsp;<\/strong>&nbsp;<a href=\"mailto:anapaulamelo@uel.br\">anapaulamelo@uel.br<\/a><\/p>\n\n\n\n<p><strong>Divulga\u00e7\u00e3o:<\/strong> Instagram: <\/p>\n\n\n\n<div class=\"wp-block-columns is-layout-flex wp-container-core-columns-is-layout-9d6595d7 wp-block-columns-is-layout-flex\">\n<div class=\"wp-block-column is-layout-flow wp-block-column-is-layout-flow\" style=\"flex-basis:25%\"><\/div>\n\n\n\n<div class=\"wp-block-column is-layout-flow wp-block-column-is-layout-flow\"><\/div>\n\n\n\n<div class=\"wp-block-column is-layout-flow wp-block-column-is-layout-flow\" style=\"flex-basis:50%\">\n<blockquote class=\"instagram-media\" data-instgrm-captioned data-instgrm-permalink=\"https:\/\/www.instagram.com\/p\/C2kVHbaLyJ3\/?utm_source=ig_embed&amp;utm_campaign=loading\" data-instgrm-version=\"14\" style=\"background:#FFF;border:0;border-radius:3px;margin: 1px;max-width:540px;min-width:326px;padding:0;width:99.375%;width:-webkit-calc(100% - 2px);width:calc(100% - 2px)\"><div style=\"padding:16px\"> <a href=\"https:\/\/www.instagram.com\/p\/C2kVHbaLyJ3\/?utm_source=ig_embed&amp;utm_campaign=loading\" style=\"background:#FFFFFF;line-height:0;padding:0 0;text-align:center;text-decoration:none;width:100%\" target=\"_blank\" rel=\"noopener\"> <div style=\"flex-direction: row;align-items: center\"> <div style=\"background-color: #F4F4F4;border-radius: 50%;flex-grow: 0;height: 40px;margin-right: 14px;width: 40px\"><\/div> <div style=\"flex-direction: column;flex-grow: 1;justify-content: center\"> <div style=\"background-color: #F4F4F4;border-radius: 4px;flex-grow: 0;height: 14px;margin-bottom: 6px;width: 100px\"><\/div> <div style=\"background-color: #F4F4F4;border-radius: 4px;flex-grow: 0;height: 14px;width: 60px\"><\/div><\/div><\/div><div style=\"padding: 19% 0\"><\/div> <div style=\"height:50px;margin:0 auto 12px;width:50px\"><\/div><div style=\"padding-top: 8px\"> <div style=\"color:#3897f0;font-family:Arial,sans-serif;font-size:14px;font-style:normal;font-weight:550;line-height:18px\">Ver essa foto no Instagram<\/div><\/div><div style=\"padding: 12.5% 0\"><\/div> <div style=\"flex-direction: row;margin-bottom: 14px;align-items: center\"><div> <div style=\"background-color: #F4F4F4;border-radius: 50%;height: 12.5px;width: 12.5px\"><\/div> <div style=\"background-color: #F4F4F4;height: 12.5px;width: 12.5px;flex-grow: 0;margin-right: 14px;margin-left: 2px\"><\/div> <div style=\"background-color: #F4F4F4;border-radius: 50%;height: 12.5px;width: 12.5px\"><\/div><\/div><div style=\"margin-left: 8px\"> <div style=\"background-color: #F4F4F4;border-radius: 50%;flex-grow: 0;height: 20px;width: 20px\"><\/div> <div style=\"width: 0;height: 0;border-top: 2px solid transparent;border-left: 6px solid #f4f4f4;border-bottom: 2px solid transparent\"><\/div><\/div><div style=\"margin-left: auto\"> <div style=\"width: 0px;border-top: 8px solid #F4F4F4;border-right: 8px solid transparent\"><\/div> <div style=\"background-color: #F4F4F4;flex-grow: 0;height: 12px;width: 16px\"><\/div> <div style=\"width: 0;height: 0;border-top: 8px solid #F4F4F4;border-left: 8px solid transparent\"><\/div><\/div><\/div> <div style=\"flex-direction: column;flex-grow: 1;justify-content: center;margin-bottom: 24px\"> <div style=\"background-color: #F4F4F4;border-radius: 4px;flex-grow: 0;height: 14px;margin-bottom: 6px;width: 224px\"><\/div> <div style=\"background-color: #F4F4F4;border-radius: 4px;flex-grow: 0;height: 14px;width: 144px\"><\/div><\/div><\/a><p style=\"color:#c9c8cd;font-family:Arial,sans-serif;font-size:14px;line-height:17px;margin-bottom:0;margin-top:8px;overflow:hidden;padding:8px 0 7px;text-align:center\"><a href=\"https:\/\/www.instagram.com\/p\/C2kVHbaLyJ3\/?utm_source=ig_embed&amp;utm_campaign=loading\" style=\"color:#c9c8cd;font-family:Arial,sans-serif;font-size:14px;font-style:normal;font-weight:normal;line-height:17px;text-decoration:none\" target=\"_blank\" rel=\"noopener\">Uma publica\u00e7\u00e3o compartilhada por Assist\u00eancia fisioterap\u00eautica a pessoas com c\u00e2ncer (@fisio.oncouel)<\/a><\/p><\/div><\/blockquote> \n<\/div>\n\n\n\n<div class=\"wp-block-column is-layout-flow wp-block-column-is-layout-flow\" style=\"flex-basis:25%\"><\/div>\n<\/div>\n\n\n\n<p><\/p>\n","protected":false},"excerpt":{"rendered":"<p>O Projeto de Extens\u00e3o do Curso de Fisioterapia da UEL denominado \u201cAssist\u00eancia Fisioterap\u00eautica a Mulheres de Londrina e Regi\u00e3o Metropolitana com Hist\u00f3rico de C\u00e2ncer de Mama e Ginecol\u00f3gico\u201d tem como objetivo prevenir e\/ou reduzir as morbidades associadas ao tratamento onco ginecologia e onco mam\u00e1rio, promovendo o acolhimento, cuidado humanizado e especializado.<\/p>\n","protected":false},"author":1,"featured_media":5402,"comment_status":"open","ping_status":"open","sticky":false,"template":"","format":"standard","meta":{"footnotes":""},"categories":[1,8],"tags":[],"class_list":["post-5395","post","type-post","status-publish","format-standard","has-post-thumbnail","hentry","category-sem-categoria","category-saude-e-bem-estar"],"acf":[],"_links":{"self":[{"href":"https:\/\/sites.uel.br\/sustentabilidade\/wp-json\/wp\/v2\/posts\/5395","targetHints":{"allow":["GET"]}}],"collection":[{"href":"https:\/\/sites.uel.br\/sustentabilidade\/wp-json\/wp\/v2\/posts"}],"about":[{"href":"https:\/\/sites.uel.br\/sustentabilidade\/wp-json\/wp\/v2\/types\/post"}],"author":[{"embeddable":true,"href":"https:\/\/sites.uel.br\/sustentabilidade\/wp-json\/wp\/v2\/users\/1"}],"replies":[{"embeddable":true,"href":"https:\/\/sites.uel.br\/sustentabilidade\/wp-json\/wp\/v2\/comments?post=5395"}],"version-history":[{"count":9,"href":"https:\/\/sites.uel.br\/sustentabilidade\/wp-json\/wp\/v2\/posts\/5395\/revisions"}],"predecessor-version":[{"id":5740,"href":"https:\/\/sites.uel.br\/sustentabilidade\/wp-json\/wp\/v2\/posts\/5395\/revisions\/5740"}],"wp:featuredmedia":[{"embeddable":true,"href":"https:\/\/sites.uel.br\/sustentabilidade\/wp-json\/wp\/v2\/media\/5402"}],"wp:attachment":[{"href":"https:\/\/sites.uel.br\/sustentabilidade\/wp-json\/wp\/v2\/media?parent=5395"}],"wp:term":[{"taxonomy":"category","embeddable":true,"href":"https:\/\/sites.uel.br\/sustentabilidade\/wp-json\/wp\/v2\/categories?post=5395"},{"taxonomy":"post_tag","embeddable":true,"href":"https:\/\/sites.uel.br\/sustentabilidade\/wp-json\/wp\/v2\/tags?post=5395"}],"curies":[{"name":"wp","href":"https:\/\/api.w.org\/{rel}","templated":true}]}}