{"id":4980,"date":"2023-08-17T15:06:09","date_gmt":"2023-08-17T18:06:09","guid":{"rendered":"https:\/\/sites.uel.br\/sustentabilidade\/?p=4980"},"modified":"2024-05-07T14:40:51","modified_gmt":"2024-05-07T17:40:51","slug":"sustentabilidade-afetiva","status":"publish","type":"post","link":"https:\/\/sites.uel.br\/sustentabilidade\/sustentabilidade-afetiva\/","title":{"rendered":"Sustentabilidade Afetiva"},"content":{"rendered":"\n<p>Alertas sobre os riscos de cat\u00e1strofes ecol\u00f3gicas no planeta s\u00e3o cada vez mais frequentes no cotidiano contempor\u00e2neo. Cientistas de \u00e1reas distintas (HAN, 2015, 2016; SASSEN, 2016; \u017dI\u017dEK, 2017; MARQUES, 2015) advertem que, caso n\u00e3o sejam tomadas provid\u00eancias imediatas de redu\u00e7\u00e3o da polui\u00e7\u00e3o, restri\u00e7\u00e3o na produ\u00e7\u00e3o de mercadorias e medidas de prote\u00e7\u00e3o \u00e0 natureza, \u00e9 a pr\u00f3pria vida no planeta que est\u00e1 colocada em perigo. Concomitantemente a essas advert\u00eancias cient\u00edficas, movimentos sociais espalhados por todo mundo, manifestam preocupa\u00e7\u00e3o e indigna\u00e7\u00e3o com os efeitos destrutivos que o capitalismo vem imprimindo sobre a vida desde a revolu\u00e7\u00e3o industrial. <\/p>\n\n\n\n<p>Se o cuidado com a natureza, condi\u00e7\u00e3o primordial para a continuidade da exist\u00eancia humana no planeta, ainda \u00e9 tratado de maneira branda e superficial, o que dizer do cuidado para com as rela\u00e7\u00f5es afetivas no \u00e2mbito das cidades? \u00c9 precisamente este o objetivo do grupo de pesquisa Sustentabilidade Afetiva cujas atividades foram iniciadas em 2012. Buscando delinear uma aproxima\u00e7\u00e3o conceitual entre a Psicologia Social e a Filosofia da Diferen\u00e7a, as pesquisas buscam identificar e analisar pr\u00e1ticas que colocam em cena uma sustentabilidade afetiva no cotidiano das cidades. <\/p>\n\n\n\n<figure class=\"wp-block-image size-large\"><img loading=\"lazy\" decoding=\"async\" width=\"1024\" height=\"724\" src=\"https:\/\/sites.uel.br\/sustentabilidade\/wp-content\/uploads\/2024\/05\/MODELO-ODS11-1024x724.jpg\" alt=\"\" class=\"wp-image-5588\" srcset=\"https:\/\/sites.uel.br\/sustentabilidade\/wp-content\/uploads\/2024\/05\/MODELO-ODS11-1024x724.jpg 1024w, https:\/\/sites.uel.br\/sustentabilidade\/wp-content\/uploads\/2024\/05\/MODELO-ODS11-300x212.jpg 300w, https:\/\/sites.uel.br\/sustentabilidade\/wp-content\/uploads\/2024\/05\/MODELO-ODS11-768x543.jpg 768w, https:\/\/sites.uel.br\/sustentabilidade\/wp-content\/uploads\/2024\/05\/MODELO-ODS11.jpg 1123w\" sizes=\"auto, (max-width: 1024px) 100vw, 1024px\" \/><\/figure>\n\n\n\n<p>Da\u00ed sua vincula\u00e7\u00e3o com o ODS 11 \u2013 Cidades e Comunidades Sustent\u00e1veis, que busca cartografar as possibilidades de tecer uma vincula\u00e7\u00e3o afetiva desejante da popula\u00e7\u00e3o com as causas sociais e ambientais. No decorrer desses anos, foi poss\u00edvel demonstrar que as experi\u00eancias cotidianas de individualismo, prioriza\u00e7\u00e3o do ac\u00famulo, foco no consumo e ampla competitividade nos mais diferentes \u00e2mbitos da exist\u00eancia s\u00e3o alguns dos fatores que mitigam, e at\u00e9 inviabilizam, pr\u00e1ticas atentas ao cuidado de si e do outro. Assim, seguimos questionando: como colocar em cena o bem comum, a vincula\u00e7\u00e3o desejante e a constru\u00e7\u00e3o coletiva de modos de exist\u00eancia que sejam afetivamente sustent\u00e1veis?<\/p>\n\n\n\n<p><strong>Coordenadora: <\/strong>Profa. Dra. Sonia Regina Vargas Mansano<\/p>\n\n\n\n<p><strong>Contato:<\/strong> <a rel=\"noreferrer noopener\" href=\"mailto:mansano@uel.br\" target=\"_blank\">mansano@uel.br<\/a><\/p>\n\n\n\n<p><strong>Artigos publicados:<\/strong> <\/p>\n\n\n\n<p><strong>Artigo 2016: Espa\u00e7o urbano, natureza e rela\u00e7\u00f5es sociais<\/strong><\/p>\n\n\n\n<p>Link:&nbsp;<a href=\"https:\/\/editorarevistas.mackenzie.br\/index.php\/ptp\/article\/view\/7445\/5706\" target=\"_blank\" rel=\"noreferrer noopener\">https:\/\/editorarevistas.mackenzie.br\/index.php\/ptp\/article\/view\/7445\/5706<\/a><\/p>\n\n\n\n<p><strong>Artigo 2016: Psicologia, Filosofia e Meio Ambiente<\/strong><\/p>\n\n\n\n<p>Link:&nbsp;<a href=\"https:\/\/www.e-publicacoes.uerj.br\/index.php\/revispsi\/article\/view\/31445\/23372\" target=\"_blank\" rel=\"noreferrer noopener\">https:\/\/www.e-publicacoes.uerj.br\/index.php\/revispsi\/article\/view\/31445\/23372<\/a><\/p>\n\n\n\n<p><strong>Artigo 2027: Sustentabilidade e biopol\u00edtica<\/strong><\/p>\n\n\n\n<p>Link:&nbsp;<a href=\"https:\/\/www.scielo.br\/j\/psoc\/a\/FqHFPPYPPp6cDsR39fNqPYj\/?lang=pt\" target=\"_blank\" rel=\"noreferrer noopener\">https:\/\/www.scielo.br\/j\/psoc\/a\/FqHFPPYPPp6cDsR39fNqPYj\/?lang=pt<\/a><\/p>\n\n\n\n<p><strong>Artigo 2019: Ecologia e mobiliza\u00e7\u00e3o social<\/strong><\/p>\n\n\n\n<p>Link:&nbsp;<a href=\"https:\/\/www.scielo.br\/j\/pcp\/a\/6KMPtrmnWdMrVSGnvZmBLth\/\" target=\"_blank\" rel=\"noreferrer noopener\">https:\/\/www.scielo.br\/j\/pcp\/a\/6KMPtrmnWdMrVSGnvZmBLth\/<\/a><\/p>\n\n\n\n<p><strong>Artigo 2023: Narcisismo e biopol\u00edtica: por uma sustentabilidade afetiva<\/strong><\/p>\n\n\n\n<p>Link:&nbsp;<a href=\"https:\/\/editorarevistas.mackenzie.br\/index.php\/ptp\/article\/view\/15119\/11770\" target=\"_blank\" rel=\"noreferrer noopener\">https:\/\/editorarevistas.mackenzie.br\/index.php\/ptp\/article\/view\/15119\/11770<\/a><\/p>\n","protected":false},"excerpt":{"rendered":"<p>Alertas sobre os riscos de cat\u00e1strofes ecol\u00f3gicas no planeta s\u00e3o cada vez mais frequentes no cotidiano contempor\u00e2neo. Cientistas de \u00e1reas distintas (HAN, 2015, 2016; SASSEN, 2016; \u017dI\u017dEK, 2017; MARQUES, 2015) advertem que, caso n\u00e3o sejam tomadas provid\u00eancias imediatas de redu\u00e7\u00e3o da polui\u00e7\u00e3o, restri\u00e7\u00e3o na produ\u00e7\u00e3o de mercadorias e medidas de prote\u00e7\u00e3o \u00e0 natureza, \u00e9 a pr\u00f3pria vida no planeta que est\u00e1colocada em perigo. <\/p>\n","protected":false},"author":1,"featured_media":4981,"comment_status":"open","ping_status":"open","sticky":false,"template":"","format":"standard","meta":{"footnotes":""},"categories":[18,1],"tags":[],"class_list":["post-4980","post","type-post","status-publish","format-standard","has-post-thumbnail","hentry","category-cidades-e-comunidades-sustentaveis","category-sem-categoria"],"acf":[],"_links":{"self":[{"href":"https:\/\/sites.uel.br\/sustentabilidade\/wp-json\/wp\/v2\/posts\/4980","targetHints":{"allow":["GET"]}}],"collection":[{"href":"https:\/\/sites.uel.br\/sustentabilidade\/wp-json\/wp\/v2\/posts"}],"about":[{"href":"https:\/\/sites.uel.br\/sustentabilidade\/wp-json\/wp\/v2\/types\/post"}],"author":[{"embeddable":true,"href":"https:\/\/sites.uel.br\/sustentabilidade\/wp-json\/wp\/v2\/users\/1"}],"replies":[{"embeddable":true,"href":"https:\/\/sites.uel.br\/sustentabilidade\/wp-json\/wp\/v2\/comments?post=4980"}],"version-history":[{"count":7,"href":"https:\/\/sites.uel.br\/sustentabilidade\/wp-json\/wp\/v2\/posts\/4980\/revisions"}],"predecessor-version":[{"id":5589,"href":"https:\/\/sites.uel.br\/sustentabilidade\/wp-json\/wp\/v2\/posts\/4980\/revisions\/5589"}],"wp:featuredmedia":[{"embeddable":true,"href":"https:\/\/sites.uel.br\/sustentabilidade\/wp-json\/wp\/v2\/media\/4981"}],"wp:attachment":[{"href":"https:\/\/sites.uel.br\/sustentabilidade\/wp-json\/wp\/v2\/media?parent=4980"}],"wp:term":[{"taxonomy":"category","embeddable":true,"href":"https:\/\/sites.uel.br\/sustentabilidade\/wp-json\/wp\/v2\/categories?post=4980"},{"taxonomy":"post_tag","embeddable":true,"href":"https:\/\/sites.uel.br\/sustentabilidade\/wp-json\/wp\/v2\/tags?post=4980"}],"curies":[{"name":"wp","href":"https:\/\/api.w.org\/{rel}","templated":true}]}}