{"id":484,"date":"2022-11-03T15:48:56","date_gmt":"2022-11-03T18:48:56","guid":{"rendered":"https:\/\/sites.uel.br\/sustentabilidade\/?p=484"},"modified":"2023-02-08T17:08:55","modified_gmt":"2023-02-08T20:08:55","slug":"analise-agua","status":"publish","type":"post","link":"https:\/\/sites.uel.br\/sustentabilidade\/analise-agua\/","title":{"rendered":"An\u00e1lise de \u00e1gua &#8220;tratada e in natura&#8221; para consumo humano"},"content":{"rendered":"\n<p>A capacidade instalada no Laborat\u00f3rio Central do Estado (LACEN) atualmente n\u00e3o atende a demanda quantitativa preconizada pela programa\u00e7\u00e3o pactuada e integrada da epidemiologia e controle de doen\u00e7as, quanto \u00e0 disponibilidade de realiza\u00e7\u00e3o de an\u00e1lises de \u00e1gua para os par\u00e2metros bacteriol\u00f3gico (coliformes totais e <em>Escherichia<\/em> <em>coli<\/em>) e f\u00edsico-qu\u00edmico (cloro residual, fl\u00faor e turbidez) a serem disponibilizados aos servi\u00e7os de vigil\u00e2ncia regionais e municipais, durante as atividades de vigil\u00e2ncia ambiental em sa\u00fade relacionada \u00e0 qualidade da \u00e1gua para consumo humano. <\/p>\n\n\n\n<p>Neste sentido, este projeto foi idealizado a partir da parceria entre a Secretaria de Estado da Sa\u00fade (SESA-PR) e a Superintend\u00eancia Geral de Ci\u00eancia, Tecnologia e Ensino (SETI-PR), atrav\u00e9s dos laborat\u00f3rios das Universidades Estaduais, para realizar an\u00e1lises de \u00e1gua nos aspectos bacteriol\u00f3gico e f\u00edsico-qu\u00edmico.<\/p>\n\n\n<div class=\"wp-block-image\">\n<figure class=\"aligncenter size-large is-resized\"><img decoding=\"async\" src=\"https:\/\/sites.uel.br\/sustentabilidade\/wp-content\/uploads\/2022\/11\/ods2-analise-agua-1024x724.jpg\" alt=\"\" class=\"wp-image-1318\" width=\"800\" srcset=\"https:\/\/sites.uel.br\/sustentabilidade\/wp-content\/uploads\/2022\/11\/ods2-analise-agua-1024x724.jpg 1024w, https:\/\/sites.uel.br\/sustentabilidade\/wp-content\/uploads\/2022\/11\/ods2-analise-agua-300x212.jpg 300w, https:\/\/sites.uel.br\/sustentabilidade\/wp-content\/uploads\/2022\/11\/ods2-analise-agua-768x543.jpg 768w, https:\/\/sites.uel.br\/sustentabilidade\/wp-content\/uploads\/2022\/11\/ods2-analise-agua.jpg 1123w\" sizes=\"(max-width: 1024px) 100vw, 1024px\" \/><\/figure>\n<\/div>\n\n\n<p>Atualmente, a Universidade Estadual de Londrina realiza anualmente tr\u00eas mil an\u00e1lises de amostras de \u00e1guas das 21 cidades vinculadas \u00e0 17\u00aa regional de sa\u00fade, com popula\u00e7\u00e3o total de cerca de 1 milh\u00e3o de habitantes. Estas an\u00e1lises s\u00e3o realizadas nos seguintes laborat\u00f3rios: Laborat\u00f3rio de Bacteriologia (CCB), Laborat\u00f3rio de Saneamento (CTU) e Laborat\u00f3rio de F\u00edsico-Qu\u00edmica Ambiental (CCE). Participam do projeto estudantes de gradua\u00e7\u00e3o dos diversos cursos das \u00e1reas Biol\u00f3gica e Exatas, al\u00e9m de estudantes de p\u00f3s-gradua\u00e7\u00e3o stricto sensu e lato sensu. <\/p>\n\n\n\n<div class=\"wp-block-columns is-layout-flex wp-container-core-columns-is-layout-9d6595d7 wp-block-columns-is-layout-flex\">\n<div class=\"wp-block-column is-layout-flow wp-block-column-is-layout-flow\"><\/div>\n\n\n\n<div class=\"wp-block-column is-layout-flow wp-block-column-is-layout-flow\" style=\"flex-basis:800px\">\n<figure class=\"wp-block-video aligncenter\"><video height=\"1080\" style=\"aspect-ratio: 1920 \/ 1080;\" width=\"1920\" controls src=\"https:\/\/sites.uel.br\/sustentabilidade\/wp-content\/uploads\/2022\/11\/VIDEO-PROJETO-AGUA.mp4\"><\/video><\/figure>\n<\/div>\n\n\n\n<div class=\"wp-block-column is-layout-flow wp-block-column-is-layout-flow\"><\/div>\n<\/div>\n\n\n\n<p>Assim, nosso objetivo \u00e9 realizar a an\u00e1lise de \u00e1gua &#8220;in natura&#8221; e tratada destinada para consumo humano, quanto ao aspecto bacteriol\u00f3gico e f\u00edsico-qu\u00edmico com vistas \u00e0 melhoria ambiental e da qualidade da \u00e1gua para consumo humano. Este projeto se encaixa nos seguintes objetivos de desenvolvimento sustent\u00e1vel: ODS 03 &#8211; Sa\u00fade e Bem-Estar e ODS 06 &#8211; \u00c1gua Pot\u00e1vel e Saneamento.<\/p>\n\n\n\n<div class=\"wp-block-group\"><div class=\"wp-block-group__inner-container is-layout-constrained wp-block-group-is-layout-constrained\">\n<div class=\"wp-block-group\"><div class=\"wp-block-group__inner-container is-layout-constrained wp-block-group-is-layout-constrained\">\n<p><strong>Coordenador: <\/strong>Prof. Dr. Sergio Paulo Dejato da Rocha<\/p>\n\n\n\n<p><strong>Contato<\/strong>: <a href=\"mailto:rochaspd@uel.br\">rochaspd@uel.br<\/a> <\/p>\n<\/div><\/div>\n<\/div><\/div>\n","protected":false},"excerpt":{"rendered":"<p>A capacidade instalada no Laborat\u00f3rio Central do Estado (LACEN) atualmente n\u00e3o atende a demanda quantitativa preconizada pela programa\u00e7\u00e3o pactuada e integrada da epidemiologia e controle de doen\u00e7as, quanto \u00e0 disponibilidade de realiza\u00e7\u00e3o de an\u00e1lises de \u00e1gua para os par\u00e2metros bacteriol\u00f3gico (coliformes totais e Escherichia coli) e f\u00edsico-qu\u00edmico (cloro residual, fl\u00faor e turbidez) a serem disponibilizados aos servi\u00e7os de vigil\u00e2ncia regionais e municipais, durante as atividades de vigil\u00e2ncia ambiental em sa\u00fade relacionada \u00e0 qualidade da \u00e1gua para consumo humano. <\/p>\n","protected":false},"author":1,"featured_media":1675,"comment_status":"open","ping_status":"open","sticky":false,"template":"","format":"standard","meta":{"footnotes":""},"categories":[11],"tags":[],"class_list":["post-484","post","type-post","status-publish","format-standard","has-post-thumbnail","hentry","category-agua-potavel-e-saneamento"],"acf":[],"_links":{"self":[{"href":"https:\/\/sites.uel.br\/sustentabilidade\/wp-json\/wp\/v2\/posts\/484","targetHints":{"allow":["GET"]}}],"collection":[{"href":"https:\/\/sites.uel.br\/sustentabilidade\/wp-json\/wp\/v2\/posts"}],"about":[{"href":"https:\/\/sites.uel.br\/sustentabilidade\/wp-json\/wp\/v2\/types\/post"}],"author":[{"embeddable":true,"href":"https:\/\/sites.uel.br\/sustentabilidade\/wp-json\/wp\/v2\/users\/1"}],"replies":[{"embeddable":true,"href":"https:\/\/sites.uel.br\/sustentabilidade\/wp-json\/wp\/v2\/comments?post=484"}],"version-history":[{"count":22,"href":"https:\/\/sites.uel.br\/sustentabilidade\/wp-json\/wp\/v2\/posts\/484\/revisions"}],"predecessor-version":[{"id":2856,"href":"https:\/\/sites.uel.br\/sustentabilidade\/wp-json\/wp\/v2\/posts\/484\/revisions\/2856"}],"wp:featuredmedia":[{"embeddable":true,"href":"https:\/\/sites.uel.br\/sustentabilidade\/wp-json\/wp\/v2\/media\/1675"}],"wp:attachment":[{"href":"https:\/\/sites.uel.br\/sustentabilidade\/wp-json\/wp\/v2\/media?parent=484"}],"wp:term":[{"taxonomy":"category","embeddable":true,"href":"https:\/\/sites.uel.br\/sustentabilidade\/wp-json\/wp\/v2\/categories?post=484"},{"taxonomy":"post_tag","embeddable":true,"href":"https:\/\/sites.uel.br\/sustentabilidade\/wp-json\/wp\/v2\/tags?post=484"}],"curies":[{"name":"wp","href":"https:\/\/api.w.org\/{rel}","templated":true}]}}