{"id":4235,"date":"2023-06-19T17:12:52","date_gmt":"2023-06-19T20:12:52","guid":{"rendered":"https:\/\/sites.uel.br\/sustentabilidade\/?p=4235"},"modified":"2023-07-25T15:33:27","modified_gmt":"2023-07-25T18:33:27","slug":"planejamento-aeroportuarios","status":"publish","type":"post","link":"https:\/\/sites.uel.br\/sustentabilidade\/planejamento-aeroportuarios\/","title":{"rendered":"PAS- Planos e projetos de planejamento aeroportu\u00e1rios"},"content":{"rendered":"\n<p>O projeto objetiva atuar e assessorar os governos municipais, estaduais e federal, no campo do planejamento aeroportu\u00e1rio para fins de elabora\u00e7\u00e3o e\/ou revis\u00e3o de diferentes planos de prote\u00e7\u00e3o de aer\u00f3dromos, planos diretores de aeroportos e elabora\u00e7\u00e3o de projetos de infraestrutura aeroportu\u00e1ria previstos na legisla\u00e7\u00e3o federal e estadual. A zona de abrang\u00eancia dos trabalhos se aplica a todos os munic\u00edpios brasileiros que se enquadrem nas exig\u00eancias das legisla\u00e7\u00f5es vigentes, bem como, programas de atualiza\u00e7\u00e3o e crescimento econ\u00f4mico e social, vinculados \u00e0 \u00e1rea aeroportu\u00e1ria.<\/p>\n\n\n<div class=\"wp-block-image\">\n<figure class=\"aligncenter size-large is-resized\"><img decoding=\"async\" src=\"https:\/\/sites.uel.br\/sustentabilidade\/wp-content\/uploads\/2023\/06\/Aerop-2-1024x724.jpg\" alt=\"\" class=\"wp-image-4238\" width=\"800\" srcset=\"https:\/\/sites.uel.br\/sustentabilidade\/wp-content\/uploads\/2023\/06\/Aerop-2-1024x724.jpg 1024w, https:\/\/sites.uel.br\/sustentabilidade\/wp-content\/uploads\/2023\/06\/Aerop-2-300x212.jpg 300w, https:\/\/sites.uel.br\/sustentabilidade\/wp-content\/uploads\/2023\/06\/Aerop-2-768x543.jpg 768w, https:\/\/sites.uel.br\/sustentabilidade\/wp-content\/uploads\/2023\/06\/Aerop-2.jpg 1123w\" sizes=\"(max-width: 1024px) 100vw, 1024px\" \/><\/figure>\n<\/div>\n\n\n<div class=\"wp-block-group\"><div class=\"wp-block-group__inner-container is-layout-constrained wp-block-group-is-layout-constrained\">\n<p>Metas:&nbsp;&nbsp;-Aperfei\u00e7oamento dos sistemas de planejamento aeroportu\u00e1rio, controle e tomada de decis\u00f5es no \u00e2mbito Municipal;&nbsp; Contribuir junto aos poderes p\u00fablicos e iniciativa privada como apoio tecnol\u00f3gico de projetos a decis\u00f5es na \u00e1rea aeroportu\u00e1ria;&nbsp; Amplia\u00e7\u00e3o das homologa\u00e7\u00f5es e opera\u00e7\u00f5es de aer\u00f3dromos brasileiros;&nbsp; Aprovar e Regularizar edifica\u00e7\u00f5es verticais, p\u00fablicas e privadas, enquadradas como Objeto Projetado no Espa\u00e7o A\u00e9reo (OPEA), junto ao Departamento de Controle do Espa\u00e7o A\u00e9reo (DECEA).&nbsp;&nbsp;<\/p>\n<\/div><\/div>\n\n\n\n<p>Contem rela\u00e7\u00e3o com os 17 ODS (Objetivos de Desenvolvimento Sustent\u00e1veis) e metas de contribui\u00e7\u00e3o: 09 &#8211; Ind\u00fastria, Inova\u00e7\u00e3o e Infraestrutura -Construir infraestrutura resiliente, promover a industrializa\u00e7\u00e3o inclusiva e sustent\u00e1vel, e fomentar a inova\u00e7\u00e3o.&nbsp; 17 &#8211; Parcerias e Meios de Implementa\u00e7\u00e3o &#8211; Fortalecer os mecanismos de implementa\u00e7\u00e3o e revitalizar a parceria global para o desenvolvimento sustent\u00e1vel.<\/p>\n\n\n\n<p><strong>Coordenador: <\/strong>Prof. Dr. Andr\u00e9 Lu\u00eds Sampaio Silvestri<\/p>\n\n\n\n<p><strong>Contato: <\/strong>\u00a0<a rel=\"noreferrer noopener\" href=\"mailto:aeroportos@uel.br\" target=\"_blank\">aeroportos@uel.br<\/a>\u00a0<\/p>\n\n\n\n<p><\/p>\n","protected":false},"excerpt":{"rendered":"<p>O projeto objetiva atuar e assessorar os governos municipais, estaduais e federal, no campo do planejamento aeroportu\u00e1rio para fins de elabora\u00e7\u00e3o e\/ou revis\u00e3o de diferentes planos de prote\u00e7\u00e3o de aer\u00f3dromos, planos diretores de aeroportos e elabora\u00e7\u00e3o de projetos de infraestrutura aeroportu\u00e1ria previstos na legisla\u00e7\u00e3o federal e estadual.<\/p>\n","protected":false},"author":1,"featured_media":4236,"comment_status":"open","ping_status":"open","sticky":false,"template":"","format":"standard","meta":{"footnotes":""},"categories":[15,1],"tags":[],"class_list":["post-4235","post","type-post","status-publish","format-standard","has-post-thumbnail","hentry","category-industria-inovacao-e-infraestrutura","category-sem-categoria"],"acf":[],"_links":{"self":[{"href":"https:\/\/sites.uel.br\/sustentabilidade\/wp-json\/wp\/v2\/posts\/4235","targetHints":{"allow":["GET"]}}],"collection":[{"href":"https:\/\/sites.uel.br\/sustentabilidade\/wp-json\/wp\/v2\/posts"}],"about":[{"href":"https:\/\/sites.uel.br\/sustentabilidade\/wp-json\/wp\/v2\/types\/post"}],"author":[{"embeddable":true,"href":"https:\/\/sites.uel.br\/sustentabilidade\/wp-json\/wp\/v2\/users\/1"}],"replies":[{"embeddable":true,"href":"https:\/\/sites.uel.br\/sustentabilidade\/wp-json\/wp\/v2\/comments?post=4235"}],"version-history":[{"count":7,"href":"https:\/\/sites.uel.br\/sustentabilidade\/wp-json\/wp\/v2\/posts\/4235\/revisions"}],"predecessor-version":[{"id":4374,"href":"https:\/\/sites.uel.br\/sustentabilidade\/wp-json\/wp\/v2\/posts\/4235\/revisions\/4374"}],"wp:featuredmedia":[{"embeddable":true,"href":"https:\/\/sites.uel.br\/sustentabilidade\/wp-json\/wp\/v2\/media\/4236"}],"wp:attachment":[{"href":"https:\/\/sites.uel.br\/sustentabilidade\/wp-json\/wp\/v2\/media?parent=4235"}],"wp:term":[{"taxonomy":"category","embeddable":true,"href":"https:\/\/sites.uel.br\/sustentabilidade\/wp-json\/wp\/v2\/categories?post=4235"},{"taxonomy":"post_tag","embeddable":true,"href":"https:\/\/sites.uel.br\/sustentabilidade\/wp-json\/wp\/v2\/tags?post=4235"}],"curies":[{"name":"wp","href":"https:\/\/api.w.org\/{rel}","templated":true}]}}