{"id":3349,"date":"2023-02-17T15:31:40","date_gmt":"2023-02-17T18:31:40","guid":{"rendered":"https:\/\/sites.uel.br\/sustentabilidade\/?p=3349"},"modified":"2023-03-09T09:24:32","modified_gmt":"2023-03-09T12:24:32","slug":"contaminantes-interesse-ambiental","status":"publish","type":"post","link":"https:\/\/sites.uel.br\/sustentabilidade\/contaminantes-interesse-ambiental\/","title":{"rendered":"Desenvolvimento e valida\u00e7\u00e3o de metodologia para determina\u00e7\u00e3o de contaminantes emergentes em amostras de interesse ambiental"},"content":{"rendered":"\n<p>A \u00e1gua \u00e9 um recurso natural indispens\u00e1vel para a manuten\u00e7\u00e3o dos sistemas aqu\u00e1ticos naturais e desenvolvimento das atividades humanas nos mais diversos setores. No entanto, a disposi\u00e7\u00e3o e oferta deste recurso devem ser feitas de maneira que n\u00e3o ofere\u00e7a riscos \u00e0 sa\u00fade humana, bem como, \u00e0 vida aqu\u00e1tica. Para isso, compostos xenobi\u00f3ticos devem ser eliminados ap\u00f3s tratamentos adequados, quer seja da \u00e1gua destinada para consumo humano e\/ou dos efluentes tratados, que ser\u00e3o posteriormente lan\u00e7ados nos corpos h\u00eddricos receptores. <\/p>\n\n\n<div class=\"wp-block-image\">\n<figure class=\"aligncenter size-large is-resized\"><img decoding=\"async\" src=\"https:\/\/sites.uel.br\/sustentabilidade\/wp-content\/uploads\/2023\/02\/MODELO-ODS6-1-1024x724.jpg\" alt=\"\" class=\"wp-image-3478\" width=\"800\" srcset=\"https:\/\/sites.uel.br\/sustentabilidade\/wp-content\/uploads\/2023\/02\/MODELO-ODS6-1-1024x724.jpg 1024w, https:\/\/sites.uel.br\/sustentabilidade\/wp-content\/uploads\/2023\/02\/MODELO-ODS6-1-300x212.jpg 300w, https:\/\/sites.uel.br\/sustentabilidade\/wp-content\/uploads\/2023\/02\/MODELO-ODS6-1-768x543.jpg 768w, https:\/\/sites.uel.br\/sustentabilidade\/wp-content\/uploads\/2023\/02\/MODELO-ODS6-1.jpg 1123w\" sizes=\"(max-width: 1024px) 100vw, 1024px\" \/><\/figure>\n<\/div>\n\n\n<p>A presen\u00e7a de contaminantes emergentes como f\u00e1rmacos e agrot\u00f3xicos em \u00e1guas naturais e residu\u00e1rias \u00e9 um problema de preocupa\u00e7\u00e3o ambiental j\u00e1 bem estabelecido nas \u00faltimas d\u00e9cadas. Nesse sentido, diferentes metodologias anal\u00edticas t\u00eam sido desenvolvidas e aplicadas ao estudo desses contaminantes nos diferentes compartimentos ambientais, que incluem, \u00e1guas superficiais, subterr\u00e2neas, sedimentos e solos.<\/p>\n\n\n\n<p>Neste contexto, o presente estudo tem como objetivo desenvolver e validar m\u00e9todos para determina\u00e7\u00e3o de f\u00e1rmacos em amostras de \u00e1gua superficial, visando para determina\u00e7\u00e3o e avalia\u00e7\u00e3o da ocorr\u00eancia desses contaminantes em corpos aqu\u00e1ticos da cidade de Londrina-PR. A partir dos resultados gerados, busca-se contribuir com a avalia\u00e7\u00e3o da qualidade das \u00e1guas de corpos h\u00eddricos superficiais do mun\u00edcipio de Londrina e fornecer subs\u00eddios para as discuss\u00f5es sobre pol\u00edticas p\u00fablicas para o gerenciamento da qualidade dos recursos h\u00eddricos.<\/p>\n\n\n\n<p><strong>Coordenadora:<\/strong> Profa. Dra. Diana Nara Ribeiro de Sousa <\/p>\n\n\n\n<p><strong>Contato:<\/strong> <a href=\"mailto:dsousa@uel.br\">dsousa@uel.br<\/a> <\/p>\n\n\n\n<p><strong>Divulga\u00e7\u00e3o:<\/strong> <\/p>\n","protected":false},"excerpt":{"rendered":"<p>A \u00e1gua \u00e9 um recurso natural indispens\u00e1vel para a manuten\u00e7\u00e3o dos sistemas aqu\u00e1ticos naturais e desenvolvimento das atividades humanas nos mais diversos setores. No entanto, a disposi\u00e7\u00e3o e oferta deste recurso devem ser feitas de maneira que n\u00e3o ofere\u00e7a riscos \u00e0 sa\u00fade humana, bem como \u00e0 vida aqu\u00e1tica. <\/p>\n","protected":false},"author":1,"featured_media":3478,"comment_status":"open","ping_status":"open","sticky":false,"template":"","format":"standard","meta":{"footnotes":""},"categories":[11,1],"tags":[],"class_list":["post-3349","post","type-post","status-publish","format-standard","has-post-thumbnail","hentry","category-agua-potavel-e-saneamento","category-sem-categoria"],"acf":[],"_links":{"self":[{"href":"https:\/\/sites.uel.br\/sustentabilidade\/wp-json\/wp\/v2\/posts\/3349","targetHints":{"allow":["GET"]}}],"collection":[{"href":"https:\/\/sites.uel.br\/sustentabilidade\/wp-json\/wp\/v2\/posts"}],"about":[{"href":"https:\/\/sites.uel.br\/sustentabilidade\/wp-json\/wp\/v2\/types\/post"}],"author":[{"embeddable":true,"href":"https:\/\/sites.uel.br\/sustentabilidade\/wp-json\/wp\/v2\/users\/1"}],"replies":[{"embeddable":true,"href":"https:\/\/sites.uel.br\/sustentabilidade\/wp-json\/wp\/v2\/comments?post=3349"}],"version-history":[{"count":4,"href":"https:\/\/sites.uel.br\/sustentabilidade\/wp-json\/wp\/v2\/posts\/3349\/revisions"}],"predecessor-version":[{"id":3646,"href":"https:\/\/sites.uel.br\/sustentabilidade\/wp-json\/wp\/v2\/posts\/3349\/revisions\/3646"}],"wp:featuredmedia":[{"embeddable":true,"href":"https:\/\/sites.uel.br\/sustentabilidade\/wp-json\/wp\/v2\/media\/3478"}],"wp:attachment":[{"href":"https:\/\/sites.uel.br\/sustentabilidade\/wp-json\/wp\/v2\/media?parent=3349"}],"wp:term":[{"taxonomy":"category","embeddable":true,"href":"https:\/\/sites.uel.br\/sustentabilidade\/wp-json\/wp\/v2\/categories?post=3349"},{"taxonomy":"post_tag","embeddable":true,"href":"https:\/\/sites.uel.br\/sustentabilidade\/wp-json\/wp\/v2\/tags?post=3349"}],"curies":[{"name":"wp","href":"https:\/\/api.w.org\/{rel}","templated":true}]}}