{"id":2945,"date":"2023-01-23T17:13:06","date_gmt":"2023-01-23T20:13:06","guid":{"rendered":"https:\/\/sites.uel.br\/sustentabilidade\/?p=2945"},"modified":"2023-01-31T15:24:52","modified_gmt":"2023-01-31T18:24:52","slug":"pas-mobilidadeurbana","status":"publish","type":"post","link":"https:\/\/sites.uel.br\/sustentabilidade\/pas-mobilidadeurbana\/","title":{"rendered":"PAS- Planejamento de sistemas de transportes e mobilidade urbana"},"content":{"rendered":"\n<p>No in\u00edcio do s\u00e9culo 21 uma tend\u00eancia de vis\u00e3o integrada e sustent\u00e1vel das atividades humanas tornou os sistemas de transportes e, consequentemente, a mobilidade e a acessibilidade, um dos elementos principais para o desenvolvimento de cidades e comunidades sustent\u00e1veis (ODS 11). <\/p>\n\n\n\n<p>O projeto de extens\u00e3o, na forma de um Programa de Atendimento a Sociedade (PAS), presta servi\u00e7os de planejamento de sistemas de transportes e mobilidade urbana, bem como, desenvolve projetos de infraestrutura (projeto de vias em geral), e auxilia pequenas e m\u00e9dias cidades da regi\u00e3o norte do Paran\u00e1 a alcan\u00e7ar a sustentabilidade. O p\u00fablico-alvo compreende cidades de at\u00e9 100 mil habitantes e, al\u00e9m disso, os \u00f3rg\u00e3os p\u00fablicos federais, estaduais e municipais, que atuam com planejamento de transporte, mobilidade e acessibilidade urbana.<\/p>\n\n\n<div class=\"wp-block-image\">\n<figure class=\"aligncenter size-large is-resized\"><img decoding=\"async\" src=\"https:\/\/sites.uel.br\/sustentabilidade\/wp-content\/uploads\/2023\/01\/MODELO-ODS11-2-1024x724.jpg\" alt=\"\" class=\"wp-image-2951\" width=\"800\" srcset=\"https:\/\/sites.uel.br\/sustentabilidade\/wp-content\/uploads\/2023\/01\/MODELO-ODS11-2-1024x724.jpg 1024w, https:\/\/sites.uel.br\/sustentabilidade\/wp-content\/uploads\/2023\/01\/MODELO-ODS11-2-300x212.jpg 300w, https:\/\/sites.uel.br\/sustentabilidade\/wp-content\/uploads\/2023\/01\/MODELO-ODS11-2-768x543.jpg 768w, https:\/\/sites.uel.br\/sustentabilidade\/wp-content\/uploads\/2023\/01\/MODELO-ODS11-2.jpg 1123w\" sizes=\"(max-width: 1024px) 100vw, 1024px\" \/><\/figure>\n<\/div>\n\n\n<p>A gest\u00e3o e o atendimento das demandas relacionadas ao projeto PAS s\u00e3o feitos pelos docentes que atuam no Laborat\u00f3rio de Engenharia de Transporte (LET-CTU), do Departamento de Constru\u00e7\u00e3o Civil\/CTU\/Campus UEL. Os m\u00e9todos empregados nas atividades de pesquisa e presta\u00e7\u00f5es de servi\u00e7os s\u00e3o baseados em crit\u00e9rios t\u00e9cnico-econ\u00f4micos da Engenharia de Transportes e Mobilidade.<\/p>\n\n\n\n<p><strong>Coordenador:<\/strong> Prof. Dr. Carlos Alberto Prado da Silva Junior <\/p>\n\n\n\n<p><strong>Contato:<\/strong> <a href=\"mailto:letctu@uel.br\">letctu@uel.br<\/a>&nbsp;<\/p>\n\n\n\n<p><strong>Divulga\u00e7\u00e3o: <\/strong> <a href=\"https:\/\/www.youtube.com\/@let-ctu-uel\" target=\"_blank\" rel=\"noreferrer noopener\">https:\/\/www.youtube.com\/@let-ctu-uel <\/a><\/p>\n\n\n\n<div class=\"wp-block-columns is-layout-flex wp-container-core-columns-is-layout-9d6595d7 wp-block-columns-is-layout-flex\">\n<div class=\"wp-block-column is-layout-flow wp-block-column-is-layout-flow\" style=\"flex-basis:25%\"><\/div>\n\n\n\n<div class=\"wp-block-column is-layout-flow wp-block-column-is-layout-flow\" style=\"flex-basis:50%\">\n<blockquote class=\"wp-embedded-content\" data-secret=\"osVpsp99Lu\"><a href=\"https:\/\/operobal.uel.br\/sociedade\/2022\/03\/11\/pesquisadores-prefeituras-transporte-infraestrutura-mobilidade\/\">Pesquisadores atendem prefeituras nas \u00e1reas de transporte, infraestrutura e mobilidade<\/a><\/blockquote><iframe loading=\"lazy\" class=\"wp-embedded-content\" sandbox=\"allow-scripts\" security=\"restricted\" style=\"position: absolute; clip: rect(1px, 1px, 1px, 1px);\" title=\"&#8220;Pesquisadores atendem prefeituras nas \u00e1reas de transporte, infraestrutura e mobilidade&#8221; &#8212; O Perobal\" src=\"https:\/\/operobal.uel.br\/sociedade\/2022\/03\/11\/pesquisadores-prefeituras-transporte-infraestrutura-mobilidade\/embed\/#?secret=277UC1EwSf#?secret=osVpsp99Lu\" data-secret=\"osVpsp99Lu\" width=\"500\" height=\"282\" frameborder=\"0\" marginwidth=\"0\" marginheight=\"0\" scrolling=\"no\"><\/iframe>\n<\/div>\n\n\n\n<div class=\"wp-block-column is-layout-flow wp-block-column-is-layout-flow\" style=\"flex-basis:25%\"><\/div>\n<\/div>\n","protected":false},"excerpt":{"rendered":"<p>O desenvolvimento socioecon\u00f4mico possui rela\u00e7\u00e3o direta com os n\u00edveis de desenvolvimento dos sistemas de transportes e mobilidade. No in\u00edcio do s\u00e9culo 21 uma tend\u00eancia de vis\u00e3o integrada e sustent\u00e1vel das atividades humanas tornou os sistemas de transportes e, consequentemente, a mobilidade e a acessibilidade um dos elementos principais para o desenvolvimento de cidades e comunidades sustent\u00e1veis (ODS 11). <\/p>\n","protected":false},"author":1,"featured_media":2950,"comment_status":"open","ping_status":"open","sticky":false,"template":"","format":"standard","meta":{"footnotes":""},"categories":[18,1],"tags":[],"class_list":["post-2945","post","type-post","status-publish","format-standard","has-post-thumbnail","hentry","category-cidades-e-comunidades-sustentaveis","category-sem-categoria"],"acf":[],"_links":{"self":[{"href":"https:\/\/sites.uel.br\/sustentabilidade\/wp-json\/wp\/v2\/posts\/2945","targetHints":{"allow":["GET"]}}],"collection":[{"href":"https:\/\/sites.uel.br\/sustentabilidade\/wp-json\/wp\/v2\/posts"}],"about":[{"href":"https:\/\/sites.uel.br\/sustentabilidade\/wp-json\/wp\/v2\/types\/post"}],"author":[{"embeddable":true,"href":"https:\/\/sites.uel.br\/sustentabilidade\/wp-json\/wp\/v2\/users\/1"}],"replies":[{"embeddable":true,"href":"https:\/\/sites.uel.br\/sustentabilidade\/wp-json\/wp\/v2\/comments?post=2945"}],"version-history":[{"count":10,"href":"https:\/\/sites.uel.br\/sustentabilidade\/wp-json\/wp\/v2\/posts\/2945\/revisions"}],"predecessor-version":[{"id":3111,"href":"https:\/\/sites.uel.br\/sustentabilidade\/wp-json\/wp\/v2\/posts\/2945\/revisions\/3111"}],"wp:featuredmedia":[{"embeddable":true,"href":"https:\/\/sites.uel.br\/sustentabilidade\/wp-json\/wp\/v2\/media\/2950"}],"wp:attachment":[{"href":"https:\/\/sites.uel.br\/sustentabilidade\/wp-json\/wp\/v2\/media?parent=2945"}],"wp:term":[{"taxonomy":"category","embeddable":true,"href":"https:\/\/sites.uel.br\/sustentabilidade\/wp-json\/wp\/v2\/categories?post=2945"},{"taxonomy":"post_tag","embeddable":true,"href":"https:\/\/sites.uel.br\/sustentabilidade\/wp-json\/wp\/v2\/tags?post=2945"}],"curies":[{"name":"wp","href":"https:\/\/api.w.org\/{rel}","templated":true}]}}