{"id":2937,"date":"2023-01-23T17:31:00","date_gmt":"2023-01-23T20:31:00","guid":{"rendered":"https:\/\/sites.uel.br\/sustentabilidade\/?p=2937"},"modified":"2023-01-31T16:27:47","modified_gmt":"2023-01-31T19:27:47","slug":"memoriaslocal-nortedopr","status":"publish","type":"post","link":"https:\/\/sites.uel.br\/sustentabilidade\/memoriaslocal-nortedopr\/","title":{"rendered":"Mem\u00f3rias de quem registrou as hist\u00f3rias: a imprensa local e o norte do Paran\u00e1"},"content":{"rendered":"\n<p>O projeto busca a promo\u00e7\u00e3o de entrevistas com profissionais da imprensa (radio, jornal e televis\u00e3o) de Londrina, atrav\u00e9s de quest\u00f5es relativas \u00e0s abordagens sobre o norte do Paran\u00e1 e conduzidas \u00e0 dist\u00e2ncia. O p\u00fablico que o projeto busca atingir \u00e9 o universo dos pesquisadores da imprensa, sindicatos dos profissionais que atuam nos meios de comunica\u00e7\u00e3o, os gestores das institui\u00e7\u00f5es p\u00fablicas e privadas, as institui\u00e7\u00f5es de mem\u00f3ria e as comunidades interna e externa, para estabelecer estrat\u00e9gias de recupera\u00e7\u00e3o das informa\u00e7\u00f5es a fim de subsidiar tomadas de decis\u00f5es.<\/p>\n\n\n<div class=\"wp-block-image\">\n<figure class=\"aligncenter size-large is-resized\"><img decoding=\"async\" src=\"https:\/\/sites.uel.br\/sustentabilidade\/wp-content\/uploads\/2023\/01\/MODELO-ODS11-2-1-1024x724.jpg\" alt=\"\" class=\"wp-image-3032\" width=\"800\" srcset=\"https:\/\/sites.uel.br\/sustentabilidade\/wp-content\/uploads\/2023\/01\/MODELO-ODS11-2-1-1024x724.jpg 1024w, https:\/\/sites.uel.br\/sustentabilidade\/wp-content\/uploads\/2023\/01\/MODELO-ODS11-2-1-300x212.jpg 300w, https:\/\/sites.uel.br\/sustentabilidade\/wp-content\/uploads\/2023\/01\/MODELO-ODS11-2-1-768x543.jpg 768w, https:\/\/sites.uel.br\/sustentabilidade\/wp-content\/uploads\/2023\/01\/MODELO-ODS11-2-1.jpg 1123w\" sizes=\"(max-width: 1024px) 100vw, 1024px\" \/><\/figure>\n<\/div>\n\n\n<p><br>As a\u00e7\u00f5es resultam em diferentes produtos disponibilizados ao p\u00fablico interessado, tais como a transcri\u00e7\u00e3o das entrevistas met\u00f3dicas, estabelecimento de um guia tem\u00e1tico e um processo de avalia\u00e7\u00e3o da condu\u00e7\u00e3o do m\u00e9todos que podem ser encontrados na p\u00e1gina do facebook do Grupo de Pesquisa \u201cO regional\/local e a experi\u00eancia hist\u00f3rica\u201d e nos podcasts \u201cConversa sobre a conversa\u201d e \u201cTrilha sonora \u2013 Conversa sobre a conversa\u201d, feitos pela equipe do projeto.<\/p>\n\n\n\n<p><strong>Coordenador:<\/strong> Pro. Dr. Marcos Ant\u00f4nio Neves Soares <\/p>\n\n\n\n<p><strong>Contato:<\/strong> <a href=\"mailto:samusque@uel.br\"><strong>samusque@uel.br<\/strong><\/a> <\/p>\n\n\n\n<p><strong>Divulga\u00e7\u00e3o:<\/strong> Facebook: <strong>O Regional\/local e a experi\u00eancia hist\u00f3rica<\/strong><\/p>\n\n\n\n<div class=\"wp-block-columns is-layout-flex wp-container-core-columns-is-layout-9d6595d7 wp-block-columns-is-layout-flex\">\n<div class=\"wp-block-column is-layout-flow wp-block-column-is-layout-flow\">\n<iframe title=\"Spotify Embed: Trilha sonora - Conversa sobre a Conversa\" style=\"border-radius: 12px\" width=\"100%\" height=\"352\" frameborder=\"0\" allowfullscreen allow=\"autoplay; clipboard-write; encrypted-media; fullscreen; picture-in-picture\" loading=\"lazy\" src=\"https:\/\/open.spotify.com\/embed\/playlist\/7CDeR0rpEWmzBzavXjoJEg?si=2hgx2bYjR4KYNkBq5xws0A&#038;%3Butm_source=whatsapp&#038;nd=1https%3A%2F%2Fopen.spotify.com%2Fplaylist%2F7CDeR0rpEWmzBzavXjoJEg%3Fsi%3D2hgx2bYjR4KYNkBq5xws0A&#038;%3Butm_source=whatsapp&#038;nd=1&#038;utm_source=oembed\"><\/iframe>\n<\/div>\n\n\n\n<div class=\"wp-block-column is-layout-flow wp-block-column-is-layout-flow\">\n<iframe title=\"Spotify Embed: Conversa sobre a Conversa\" style=\"border-radius: 12px\" width=\"100%\" height=\"152\" frameborder=\"0\" allowfullscreen allow=\"autoplay; clipboard-write; encrypted-media; fullscreen; picture-in-picture\" loading=\"lazy\" src=\"https:\/\/open.spotify.com\/embed\/show\/1BORgKO4V2i8V5xRWfoic8?si=9e8Tk-IxQZi-vbb9xcjnLw&#038;%3Butm_source=whatsapp&#038;nd=1&#038;utm_source=oembed\"><\/iframe>\n<\/div>\n<\/div>\n","protected":false},"excerpt":{"rendered":"<p>O projeto busca, atrav\u00e9s da hist\u00f3ria oral, a promo\u00e7\u00e3o de entrevistas met\u00f3dicas com<br \/>\nprofissionais da imprensa tradicional (radio, jornal e televis\u00e3o) de Londrina, atrav\u00e9s de<br \/>\nquest\u00f5es relativas \u00e0s abordagens sobre o norte do Paran\u00e1 e conduzidas \u00e0 dist\u00e2ncia<\/p>\n","protected":false},"author":1,"featured_media":3032,"comment_status":"open","ping_status":"open","sticky":false,"template":"","format":"standard","meta":{"footnotes":""},"categories":[18,1],"tags":[],"class_list":["post-2937","post","type-post","status-publish","format-standard","has-post-thumbnail","hentry","category-cidades-e-comunidades-sustentaveis","category-sem-categoria"],"acf":[],"_links":{"self":[{"href":"https:\/\/sites.uel.br\/sustentabilidade\/wp-json\/wp\/v2\/posts\/2937","targetHints":{"allow":["GET"]}}],"collection":[{"href":"https:\/\/sites.uel.br\/sustentabilidade\/wp-json\/wp\/v2\/posts"}],"about":[{"href":"https:\/\/sites.uel.br\/sustentabilidade\/wp-json\/wp\/v2\/types\/post"}],"author":[{"embeddable":true,"href":"https:\/\/sites.uel.br\/sustentabilidade\/wp-json\/wp\/v2\/users\/1"}],"replies":[{"embeddable":true,"href":"https:\/\/sites.uel.br\/sustentabilidade\/wp-json\/wp\/v2\/comments?post=2937"}],"version-history":[{"count":8,"href":"https:\/\/sites.uel.br\/sustentabilidade\/wp-json\/wp\/v2\/posts\/2937\/revisions"}],"predecessor-version":[{"id":3033,"href":"https:\/\/sites.uel.br\/sustentabilidade\/wp-json\/wp\/v2\/posts\/2937\/revisions\/3033"}],"wp:featuredmedia":[{"embeddable":true,"href":"https:\/\/sites.uel.br\/sustentabilidade\/wp-json\/wp\/v2\/media\/3032"}],"wp:attachment":[{"href":"https:\/\/sites.uel.br\/sustentabilidade\/wp-json\/wp\/v2\/media?parent=2937"}],"wp:term":[{"taxonomy":"category","embeddable":true,"href":"https:\/\/sites.uel.br\/sustentabilidade\/wp-json\/wp\/v2\/categories?post=2937"},{"taxonomy":"post_tag","embeddable":true,"href":"https:\/\/sites.uel.br\/sustentabilidade\/wp-json\/wp\/v2\/tags?post=2937"}],"curies":[{"name":"wp","href":"https:\/\/api.w.org\/{rel}","templated":true}]}}