{"id":2529,"date":"2022-11-30T17:04:30","date_gmt":"2022-11-30T20:04:30","guid":{"rendered":"https:\/\/sites.uel.br\/sustentabilidade\/?p=2529"},"modified":"2023-01-25T14:16:42","modified_gmt":"2023-01-25T17:16:42","slug":"napi-emergenciaclimatica","status":"publish","type":"post","link":"https:\/\/sites.uel.br\/sustentabilidade\/napi-emergenciaclimatica\/","title":{"rendered":"NAPI  &#8211; Emerg\u00eancia clim\u00e1tica(Novo Arranjo de Pesquisa e Inova\u00e7\u00e3o)"},"content":{"rendered":"\n<p>Tem por objetivo principal desenvolver estudos e projetos de tecnologia e inova\u00e7\u00e3o, visando avaliar o impacto das mudan\u00e7as clim\u00e1ticas no Estado do Paran\u00e1 e promover a mitiga\u00e7\u00e3o da emiss\u00e3o de gases e aeross\u00f3is atrelados ao efeito estufa provenientes de atividades urbano-industriais e agropecu\u00e1rias, bem como, a adapta\u00e7\u00e3o aos cen\u00e1rios clim\u00e1ticos futuros, nos quais os eventos clim\u00e1ticos extremos tendem a se intensificar. <\/p>\n\n\n\n<p>Os estudos e projetos t\u00eam como escopo principal a quantifica\u00e7\u00e3o dos impactos e a redu\u00e7\u00e3o dos riscos \u00e0s atividades econ\u00f4micas e sociais, em face da diferenciada vulnerabilidade socioambiental e da necess\u00e1ria preven\u00e7\u00e3o aos impactos das mudan\u00e7as clim\u00e1ticas globais.<\/p>\n\n\n\n<p><strong>Coordenadora:<\/strong> Prof. Dr. Halley Caixeta de Oliveira <\/p>\n\n\n\n<p><strong>Contato: <\/strong><a href=\"mailto:halley@uel.br\">halley@uel.br<\/a><\/p>\n\n\n\n<p><strong>Divulga\u00e7\u00e3o<\/strong>: <\/p>\n","protected":false},"excerpt":{"rendered":"<p>Tem por objetivo principal desenvolver estudos e projetos de tecnologia e inova\u00e7\u00e3o visando avaliar o impacto das mudan\u00e7as clim\u00e1ticas no Estado do Paran\u00e1 e promover a mitiga\u00e7\u00e3o da emiss\u00e3o de gases e aeross\u00f3is atrelados ao efeito estufa provenientes de atividades urbano-industriais e agropecu\u00e1rias, bem como a adapta\u00e7\u00e3o aos cen\u00e1rios clim\u00e1ticos futuros nos quais os eventos clim\u00e1ticos extremos tendem a se intensificar.<\/p>\n","protected":false},"author":1,"featured_media":2543,"comment_status":"open","ping_status":"open","sticky":false,"template":"","format":"standard","meta":{"footnotes":""},"categories":[21,1],"tags":[],"class_list":["post-2529","post","type-post","status-publish","format-standard","has-post-thumbnail","hentry","category-acao-contra-a-mudanca-global-do-clima","category-sem-categoria"],"acf":[],"_links":{"self":[{"href":"https:\/\/sites.uel.br\/sustentabilidade\/wp-json\/wp\/v2\/posts\/2529","targetHints":{"allow":["GET"]}}],"collection":[{"href":"https:\/\/sites.uel.br\/sustentabilidade\/wp-json\/wp\/v2\/posts"}],"about":[{"href":"https:\/\/sites.uel.br\/sustentabilidade\/wp-json\/wp\/v2\/types\/post"}],"author":[{"embeddable":true,"href":"https:\/\/sites.uel.br\/sustentabilidade\/wp-json\/wp\/v2\/users\/1"}],"replies":[{"embeddable":true,"href":"https:\/\/sites.uel.br\/sustentabilidade\/wp-json\/wp\/v2\/comments?post=2529"}],"version-history":[{"count":9,"href":"https:\/\/sites.uel.br\/sustentabilidade\/wp-json\/wp\/v2\/posts\/2529\/revisions"}],"predecessor-version":[{"id":2649,"href":"https:\/\/sites.uel.br\/sustentabilidade\/wp-json\/wp\/v2\/posts\/2529\/revisions\/2649"}],"wp:featuredmedia":[{"embeddable":true,"href":"https:\/\/sites.uel.br\/sustentabilidade\/wp-json\/wp\/v2\/media\/2543"}],"wp:attachment":[{"href":"https:\/\/sites.uel.br\/sustentabilidade\/wp-json\/wp\/v2\/media?parent=2529"}],"wp:term":[{"taxonomy":"category","embeddable":true,"href":"https:\/\/sites.uel.br\/sustentabilidade\/wp-json\/wp\/v2\/categories?post=2529"},{"taxonomy":"post_tag","embeddable":true,"href":"https:\/\/sites.uel.br\/sustentabilidade\/wp-json\/wp\/v2\/tags?post=2529"}],"curies":[{"name":"wp","href":"https:\/\/api.w.org\/{rel}","templated":true}]}}