{"id":2306,"date":"2022-11-18T17:52:53","date_gmt":"2022-11-18T20:52:53","guid":{"rendered":"https:\/\/sites.uel.br\/sustentabilidade\/?p=2306"},"modified":"2025-02-13T14:25:47","modified_gmt":"2025-02-13T17:25:47","slug":"restore-biodiversidade","status":"publish","type":"post","link":"https:\/\/sites.uel.br\/sustentabilidade\/restore-biodiversidade\/","title":{"rendered":"NAPI Biodiversidade: RESTORE (natuRe-basEd SoluTions for imprOving REforestation)"},"content":{"rendered":"\n<p>Projeto transnacional aprovado na chamada conjunta da Biodiversa \u201cBiodiversidade e Mudan\u00e7as Clim\u00e1ticas\u201d (https:\/\/pos.uel.br\/biologicas\/restore-2\/), da qual a Funda\u00e7\u00e3o Arauc\u00e1ria participou por interm\u00e9dio do CONFAP. Liderada pelo Prof. Dr. Halley Caixeta de Oliveira (BAV\/CCB\/UEL), a proposta reuniu inicialmente pesquisadores da UEL, IDR, Alemanha, Fran\u00e7a e do estado de S\u00e3o Paulo. Como uma forma de aumentar a capilaridade do projeto e seu impacto no estado do Paran\u00e1, pesquisadores de outras institui\u00e7\u00f5es estaduais (UEM, UENP e UEPG) foram convidados a fazer parte da equipe, compondo uma rede de pesquisa que formou o n\u00facleo inicial do NAPI Biodiversidade.<\/p>\n\n\n\n<p>O projeto tem como objetivo explorar as intera\u00e7\u00f5es entre plantas e micro-organismos em ecossistemas florestais expostos \u00e0 seca, de forma a desenvolver estrat\u00e9gias biotecnol\u00f3gicas para melhorar programas de restaura\u00e7\u00e3o florestal em um cen\u00e1rio de mudan\u00e7as clim\u00e1ticas. Al\u00e9m de contribuir para o conhecimento acerca de resposta \u00e0 seca por \u00e1rvores e micro-organismos, esta proposta busca o aumento do sucesso de programas de reflorestamento, com importantes impactos ambientais, econ\u00f4micos e sociais. <\/p>\n\n\n<div class=\"wp-block-image\">\n<figure class=\"aligncenter size-large is-resized\"><img loading=\"lazy\" decoding=\"async\" width=\"1024\" height=\"724\" src=\"https:\/\/sites.uel.br\/sustentabilidade\/wp-content\/uploads\/2022\/11\/MODELO-ODS13-1-1-1024x724.jpg\" alt=\"\" class=\"wp-image-2331\" style=\"width:800px\" srcset=\"https:\/\/sites.uel.br\/sustentabilidade\/wp-content\/uploads\/2022\/11\/MODELO-ODS13-1-1-1024x724.jpg 1024w, https:\/\/sites.uel.br\/sustentabilidade\/wp-content\/uploads\/2022\/11\/MODELO-ODS13-1-1-300x212.jpg 300w, https:\/\/sites.uel.br\/sustentabilidade\/wp-content\/uploads\/2022\/11\/MODELO-ODS13-1-1-768x543.jpg 768w, https:\/\/sites.uel.br\/sustentabilidade\/wp-content\/uploads\/2022\/11\/MODELO-ODS13-1-1.jpg 1123w\" sizes=\"auto, (max-width: 1024px) 100vw, 1024px\" \/><\/figure>\n<\/div>\n\n\n<p>Dessa forma, o projeto ir\u00e1 contribuir para que o Brasil atinja os seguintes ODS: 15 (Vida terrestre: por propor estrat\u00e9gias para recuperar e promover o uso sustent\u00e1vel das florestas e para reverter a degrada\u00e7\u00e3o da Terra), 13 (A\u00e7\u00e3o contra a mudan\u00e7a global do clima: por propor estrat\u00e9gias para combater a mudan\u00e7a clim\u00e1tica e seus impactos), 12 (Consumo e produ\u00e7\u00e3o sustent\u00e1veis: por desenvolver materiais a partir de res\u00edduos biodegrad\u00e1veis), 11 (Cidades e comunidades sustent\u00e1veis: por ter implica\u00e7\u00f5es para a arboriza\u00e7\u00e3o urbana, que \u00e9 essencial para cidades resilientes e sustent\u00e1veis), 9 (Ind\u00fastria, inova\u00e7\u00e3o e infraestrutura: por fomentar a inova\u00e7\u00e3o atrav\u00e9s de tecnologias verdes) e 2 (Fome zero e agricultura sustent\u00e1vel: devido \u00e0 import\u00e2ncia da conserva\u00e7\u00e3o de florestas para a agricultura sustent\u00e1vel e \u00e0 possibilidade de as tecnologias serem utilizadas em cultivos agr\u00edcolas).<\/p>\n\n\n\n<p><strong>Coordenador: <\/strong>Prof. Dr. Halley Caixeta de Oliveira <\/p>\n\n\n\n<p><strong>Divulga\u00e7\u00e3o: <\/strong><\/p>\n\n\n\n<figure class=\"wp-block-embed is-type-video is-provider-youtube wp-block-embed-youtube wp-embed-aspect-16-9 wp-has-aspect-ratio\"><div class=\"wp-block-embed__wrapper\">\n<iframe loading=\"lazy\" title=\"Projeto da UEL estuda o uso de nanopart\u00edculas no contexto de plantas secas\" width=\"500\" height=\"281\" src=\"https:\/\/www.youtube.com\/embed\/QOYbASqDXWU?feature=oembed\" frameborder=\"0\" allow=\"accelerometer; autoplay; clipboard-write; encrypted-media; gyroscope; picture-in-picture; web-share\" referrerpolicy=\"strict-origin-when-cross-origin\" allowfullscreen><\/iframe>\n<\/div><\/figure>\n\n\n\n<figure class=\"wp-block-embed is-type-wp-embed is-provider-p-s-gradua-o-em-ci-ncias-biol-gicas wp-block-embed-p-s-gradua-o-em-ci-ncias-biol-gicas\"><div class=\"wp-block-embed__wrapper\">\n<blockquote class=\"wp-embedded-content\" data-secret=\"2ZKsmjPma4\"><a href=\"https:\/\/pos.uel.br\/biologicas\/restore-2\/\">RESTORE<\/a><\/blockquote><iframe loading=\"lazy\" class=\"wp-embedded-content\" sandbox=\"allow-scripts\" security=\"restricted\" style=\"position: absolute; clip: rect(1px, 1px, 1px, 1px);\" title=\"&#8220;RESTORE&#8221; &#8212; P\u00f3s-gradua\u00e7\u00e3o em Ci\u00eancias Biol\u00f3gicas\" src=\"https:\/\/pos.uel.br\/biologicas\/restore-2\/embed\/#?secret=10gdoFDB84#?secret=2ZKsmjPma4\" data-secret=\"2ZKsmjPma4\" width=\"500\" height=\"282\" frameborder=\"0\" marginwidth=\"0\" marginheight=\"0\" scrolling=\"no\"><\/iframe>\n<\/div><\/figure>\n\n\n\n<figure class=\"wp-block-embed is-type-wp-embed is-provider-o-perobal wp-block-embed-o-perobal\"><div class=\"wp-block-embed__wrapper\">\n<blockquote class=\"wp-embedded-content\" data-secret=\"AOhRQWe8nA\"><a href=\"https:\/\/operobal.uel.br\/pesquisas\/2021\/09\/15\/estado-pesquisas-conservacao-biodiversidade\/\">Estado investe em pesquisas sobre conserva\u00e7\u00e3o da biodiversidade e mudan\u00e7as clim\u00e1ticas<\/a><\/blockquote><iframe loading=\"lazy\" class=\"wp-embedded-content\" sandbox=\"allow-scripts\" security=\"restricted\" style=\"position: absolute; clip: rect(1px, 1px, 1px, 1px);\" title=\"&#8220;Estado investe em pesquisas sobre conserva\u00e7\u00e3o da biodiversidade e mudan\u00e7as clim\u00e1ticas&#8221; &#8212; O Perobal\" src=\"https:\/\/operobal.uel.br\/pesquisas\/2021\/09\/15\/estado-pesquisas-conservacao-biodiversidade\/embed\/#?secret=yy0fbUd91h#?secret=AOhRQWe8nA\" data-secret=\"AOhRQWe8nA\" width=\"500\" height=\"282\" frameborder=\"0\" marginwidth=\"0\" marginheight=\"0\" scrolling=\"no\"><\/iframe>\n<\/div><\/figure>\n\n\n\n<figure class=\"wp-block-embed is-type-wp-embed is-provider-o-perobal wp-block-embed-o-perobal\"><div class=\"wp-block-embed__wrapper\">\n<blockquote class=\"wp-embedded-content\" data-secret=\"Hq0bkEyzTe\"><a href=\"https:\/\/operobal.uel.br\/ciencia\/2020\/10\/05\/projetodoccbuelintrnacional\/\">Projeto do CCB \u00e9 contemplado em proposta que envolve Fran\u00e7a e Alemanha<\/a><\/blockquote><iframe loading=\"lazy\" class=\"wp-embedded-content\" sandbox=\"allow-scripts\" security=\"restricted\" style=\"position: absolute; clip: rect(1px, 1px, 1px, 1px);\" title=\"&#8220;Projeto do CCB \u00e9 contemplado em proposta que envolve Fran\u00e7a e Alemanha&#8221; &#8212; O Perobal\" src=\"https:\/\/operobal.uel.br\/ciencia\/2020\/10\/05\/projetodoccbuelintrnacional\/embed\/#?secret=FfQUoxSKnf#?secret=Hq0bkEyzTe\" data-secret=\"Hq0bkEyzTe\" width=\"500\" height=\"282\" frameborder=\"0\" marginwidth=\"0\" marginheight=\"0\" scrolling=\"no\"><\/iframe>\n<\/div><\/figure>\n\n\n\n<p><strong>Parceiros:<\/strong> BiodivERsA 2019-2020, Funda\u00e7\u00e3o Arauc\u00e1ria, Funda\u00e7\u00e3o de Amparo \u00e0 Pesquisa do Estado de S\u00e3o Paulo, Ag\u00eancia Nacional da Pesquisa (Fran\u00e7a) e Minist\u00e9rio Federal da Educa\u00e7\u00e3o e da Pesquisa (Alemanha)<\/p>\n","protected":false},"excerpt":{"rendered":"<p>O projeto tem como objetivo principal explorar as intera\u00e7\u00f5es entre plantas e micro-organismos em ecossistemas florestais expostos \u00e0 seca, de forma a desenvolver estrat\u00e9gias biotecnol\u00f3gicas para melhorar programas de restaura\u00e7\u00e3o florestal em um cen\u00e1rio de mudan\u00e7as clim\u00e1ticas.<\/p>\n","protected":false},"author":1,"featured_media":2329,"comment_status":"open","ping_status":"open","sticky":false,"template":"","format":"standard","meta":{"footnotes":""},"categories":[21],"tags":[],"class_list":["post-2306","post","type-post","status-publish","format-standard","has-post-thumbnail","hentry","category-acao-contra-a-mudanca-global-do-clima"],"acf":[],"_links":{"self":[{"href":"https:\/\/sites.uel.br\/sustentabilidade\/wp-json\/wp\/v2\/posts\/2306","targetHints":{"allow":["GET"]}}],"collection":[{"href":"https:\/\/sites.uel.br\/sustentabilidade\/wp-json\/wp\/v2\/posts"}],"about":[{"href":"https:\/\/sites.uel.br\/sustentabilidade\/wp-json\/wp\/v2\/types\/post"}],"author":[{"embeddable":true,"href":"https:\/\/sites.uel.br\/sustentabilidade\/wp-json\/wp\/v2\/users\/1"}],"replies":[{"embeddable":true,"href":"https:\/\/sites.uel.br\/sustentabilidade\/wp-json\/wp\/v2\/comments?post=2306"}],"version-history":[{"count":19,"href":"https:\/\/sites.uel.br\/sustentabilidade\/wp-json\/wp\/v2\/posts\/2306\/revisions"}],"predecessor-version":[{"id":5899,"href":"https:\/\/sites.uel.br\/sustentabilidade\/wp-json\/wp\/v2\/posts\/2306\/revisions\/5899"}],"wp:featuredmedia":[{"embeddable":true,"href":"https:\/\/sites.uel.br\/sustentabilidade\/wp-json\/wp\/v2\/media\/2329"}],"wp:attachment":[{"href":"https:\/\/sites.uel.br\/sustentabilidade\/wp-json\/wp\/v2\/media?parent=2306"}],"wp:term":[{"taxonomy":"category","embeddable":true,"href":"https:\/\/sites.uel.br\/sustentabilidade\/wp-json\/wp\/v2\/categories?post=2306"},{"taxonomy":"post_tag","embeddable":true,"href":"https:\/\/sites.uel.br\/sustentabilidade\/wp-json\/wp\/v2\/tags?post=2306"}],"curies":[{"name":"wp","href":"https:\/\/api.w.org\/{rel}","templated":true}]}}