{"id":21,"count":5,"description":"","link":"https:\/\/sites.uel.br\/sustentabilidade\/categoria\/acao-contra-a-mudanca-global-do-clima\/","name":"A\u00e7\u00e3o Contra a Mudan\u00e7a Global do Clima","slug":"acao-contra-a-mudanca-global-do-clima","taxonomy":"category","parent":0,"meta":[],"acf":[],"_links":{"self":[{"href":"https:\/\/sites.uel.br\/sustentabilidade\/wp-json\/wp\/v2\/categories\/21","targetHints":{"allow":["GET"]}}],"collection":[{"href":"https:\/\/sites.uel.br\/sustentabilidade\/wp-json\/wp\/v2\/categories"}],"about":[{"href":"https:\/\/sites.uel.br\/sustentabilidade\/wp-json\/wp\/v2\/taxonomies\/category"}],"wp:post_type":[{"href":"https:\/\/sites.uel.br\/sustentabilidade\/wp-json\/wp\/v2\/posts?categories=21"}],"curies":[{"name":"wp","href":"https:\/\/api.w.org\/{rel}","templated":true}]}}