{"id":69,"date":"2022-02-07T14:23:48","date_gmt":"2022-02-07T17:23:48","guid":{"rendered":"https:\/\/sites.uel.br\/sebec\/?p=69"},"modified":"2022-05-31T09:35:27","modified_gmt":"2022-05-31T12:35:27","slug":"processo-unificado-de-selecao-socioeconomica-2022","status":"publish","type":"post","link":"https:\/\/sites.uel.br\/sebec\/processo-de-selecao-socioeconomica\/2022\/02\/07\/processo-unificado-de-selecao-socioeconomica-2022\/","title":{"rendered":"Processo Unificado de Sele\u00e7\u00e3o Socioecon\u00f4mica 2022"},"content":{"rendered":"\n<p><\/p>\n\n\n\n<p>Est\u00e3o abertas as inscri\u00e7\u00f5es para o Processo de Unificado Sele\u00e7\u00e3o Socioecon\u00f4mica para o ano de 2022. Os programas ofertados no processo este ano s\u00e3o:<\/p>\n\n\n\n<ul class=\"wp-block-list\"><li>Vagas para Moradia Estudantil<\/li><li>Bolsa Perman\u00eancia<\/li><li>Subs\u00eddio Ampliado para o RU<\/li><\/ul>\n\n\n\n<p><\/p>\n\n\n\n<p>Para mais informa\u00e7\u00f5es, <strong><a href=\"https:\/\/sites.uel.br\/sebec\/?page_id=566\" data-type=\"URL\" target=\"_blank\" rel=\"noreferrer noopener\">clique aqui<\/a><\/strong>.<\/p>\n\n\n\n<figure class=\"wp-block-gallery has-nested-images columns-default is-cropped wp-block-gallery-1 is-layout-flex wp-block-gallery-is-layout-flex\">\n<figure class=\"wp-block-image size-large\"><img loading=\"lazy\" decoding=\"async\" width=\"819\" height=\"1024\" data-id=\"70\" src=\"https:\/\/sites.uel.br\/sebec\/wp-content\/uploads\/2022\/02\/273019781_3236125733289543_3152320296189623080_n-819x1024.jpg\" alt=\"\" class=\"wp-image-70\" srcset=\"https:\/\/sites.uel.br\/sebec\/wp-content\/uploads\/2022\/02\/273019781_3236125733289543_3152320296189623080_n-819x1024.jpg 819w, https:\/\/sites.uel.br\/sebec\/wp-content\/uploads\/2022\/02\/273019781_3236125733289543_3152320296189623080_n-240x300.jpg 240w, https:\/\/sites.uel.br\/sebec\/wp-content\/uploads\/2022\/02\/273019781_3236125733289543_3152320296189623080_n-768x960.jpg 768w, https:\/\/sites.uel.br\/sebec\/wp-content\/uploads\/2022\/02\/273019781_3236125733289543_3152320296189623080_n.jpg 1080w\" sizes=\"auto, (max-width: 819px) 100vw, 819px\" \/><\/figure>\n<\/figure>\n","protected":false},"excerpt":{"rendered":"<p>Est\u00e3o abertas as inscri\u00e7\u00f5es para o Processo de Unificado Sele\u00e7\u00e3o Socioecon\u00f4mica para o ano de 2022. Os programas ofertados no processo este ano s\u00e3o: Vagas para Moradia Estudantil Bolsa Perman\u00eancia Subs\u00eddio Ampliado para o RU Para mais informa\u00e7\u00f5es, clique aqui.<\/p>\n","protected":false},"author":1,"featured_media":70,"comment_status":"open","ping_status":"open","sticky":false,"template":"","format":"standard","meta":{"_acf_changed":false,"footnotes":""},"categories":[16],"tags":[6,18],"class_list":["post-69","post","type-post","status-publish","format-standard","has-post-thumbnail","hentry","category-processo-de-selecao-socioeconomica","tag-processo-de-selecao","tag-processo-unificado"],"acf":[],"_links":{"self":[{"href":"https:\/\/sites.uel.br\/sebec\/wp-json\/wp\/v2\/posts\/69","targetHints":{"allow":["GET"]}}],"collection":[{"href":"https:\/\/sites.uel.br\/sebec\/wp-json\/wp\/v2\/posts"}],"about":[{"href":"https:\/\/sites.uel.br\/sebec\/wp-json\/wp\/v2\/types\/post"}],"author":[{"embeddable":true,"href":"https:\/\/sites.uel.br\/sebec\/wp-json\/wp\/v2\/users\/1"}],"replies":[{"embeddable":true,"href":"https:\/\/sites.uel.br\/sebec\/wp-json\/wp\/v2\/comments?post=69"}],"version-history":[{"count":8,"href":"https:\/\/sites.uel.br\/sebec\/wp-json\/wp\/v2\/posts\/69\/revisions"}],"predecessor-version":[{"id":1652,"href":"https:\/\/sites.uel.br\/sebec\/wp-json\/wp\/v2\/posts\/69\/revisions\/1652"}],"wp:featuredmedia":[{"embeddable":true,"href":"https:\/\/sites.uel.br\/sebec\/wp-json\/wp\/v2\/media\/70"}],"wp:attachment":[{"href":"https:\/\/sites.uel.br\/sebec\/wp-json\/wp\/v2\/media?parent=69"}],"wp:term":[{"taxonomy":"category","embeddable":true,"href":"https:\/\/sites.uel.br\/sebec\/wp-json\/wp\/v2\/categories?post=69"},{"taxonomy":"post_tag","embeddable":true,"href":"https:\/\/sites.uel.br\/sebec\/wp-json\/wp\/v2\/tags?post=69"}],"curies":[{"name":"wp","href":"https:\/\/api.w.org\/{rel}","templated":true}]}}