{"id":4409,"date":"2025-03-17T14:07:13","date_gmt":"2025-03-17T17:07:13","guid":{"rendered":"https:\/\/sites.uel.br\/sebec\/?p=4409"},"modified":"2025-08-20T14:56:11","modified_gmt":"2025-08-20T17:56:11","slug":"bolsa-de-inclusao-social-2025-2026-fundacao-araucaria-pibis","status":"publish","type":"post","link":"https:\/\/sites.uel.br\/sebec\/noticias\/2025\/03\/17\/bolsa-de-inclusao-social-2025-2026-fundacao-araucaria-pibis\/","title":{"rendered":"BOLSA DE INCLUS\u00c3O SOCIAL 2025\/2026 &#8211; FUNDA\u00c7\u00c3O ARAUC\u00c1RIA &#8211; PIBIS"},"content":{"rendered":"\n<p class=\"has-text-align-center has-large-font-size\"><strong><mark style=\"background-color:#ff5722\" class=\"has-inline-color\">ATEN\u00c7\u00c3O:<\/mark><\/strong><\/p>\n\n\n\n<p><strong>&#8220;De 21 de maio a 10 de junho, os alunos classificados pelo SEBEC dever\u00e3o participar da fase de Avalia\u00e7\u00e3o Acad\u00eamica, que consiste na submiss\u00e3o de seu projeto e plano de trabalho e indica\u00e7\u00e3o do orientador. Todas as instru\u00e7\u00f5es e demais etapas os alunos dever\u00e3o acompanhar pelo endere\u00e7o:<\/strong>&nbsp;<a href=\"http:\/\/sites.uel.br\/inclusaosocial\" target=\"_blank\" rel=\"noreferrer noopener\">sites.uel.br\/inclusaosocial<\/a> <strong>&#8221; .<\/strong><\/p>\n\n\n\n<p><a href=\"https:\/\/sites.uel.br\/sebec\/wp-content\/uploads\/2025\/05\/Edital-016_2024_Resultado-Recurso-Bolsa-Araucaria-2025-2026.pdf\">Edital 016\/2025 &#8211; Torna p\u00fablico resultado das an\u00e1lises dos recursos solicitados &#8211; 10h 20\/05\/2025<\/a><\/p>\n\n\n\n<p><a href=\"http:\/\/www.uel.br\/eventos\/sigec\/?id=10371\">Recursos para inscri\u00e7\u00f5es indeferidas &#8211; A partir das 10h do dia 05\/05\/2025 at\u00e9 as 23h59 do dia 07\/05\/2025<\/a><\/p>\n\n\n\n<p><a href=\"https:\/\/sites.uel.br\/sebec\/wp-content\/uploads\/2025\/05\/Edital-015_2025-Edital-Deferidos-e-Indeferidos-Bolsa-Fundacao-Araucaria-2025-2026.pdf\">Edital 015\/2025 &#8211; Torna p\u00fablico resultado das inscri\u00e7\u00f5es deferidas e indeferidas de inscri\u00e7\u00f5es realizadas por meio do Edital PROPPG\/PROEX\/Prograd\/SEBEC 001\/2025 &#8211; 10h 05\/05\/2025<\/a><\/p>\n\n\n\n<p><a href=\"https:\/\/sites.uel.br\/inclusaosocial\/inclusao-social-2025\/\">Edital PROPPG\/PROEX\/PROGRAD\/SEBEC 01\/2025 e inscri\u00e7\u00e3o &#8211; clique aqui<\/a><\/p>\n\n\n<div class=\"wp-block-image\">\n<figure class=\"aligncenter size-large is-resized\"><img loading=\"lazy\" decoding=\"async\" width=\"724\" height=\"1024\" src=\"https:\/\/sites.uel.br\/sebec\/wp-content\/uploads\/2025\/03\/Bolsa-Fundacao-Araucaria-2025-2026-724x1024.jpg\" alt=\"\" class=\"wp-image-4410\" style=\"width:421px;height:auto\" srcset=\"https:\/\/sites.uel.br\/sebec\/wp-content\/uploads\/2025\/03\/Bolsa-Fundacao-Araucaria-2025-2026-724x1024.jpg 724w, https:\/\/sites.uel.br\/sebec\/wp-content\/uploads\/2025\/03\/Bolsa-Fundacao-Araucaria-2025-2026-212x300.jpg 212w, https:\/\/sites.uel.br\/sebec\/wp-content\/uploads\/2025\/03\/Bolsa-Fundacao-Araucaria-2025-2026-768x1086.jpg 768w, https:\/\/sites.uel.br\/sebec\/wp-content\/uploads\/2025\/03\/Bolsa-Fundacao-Araucaria-2025-2026-1086x1536.jpg 1086w, https:\/\/sites.uel.br\/sebec\/wp-content\/uploads\/2025\/03\/Bolsa-Fundacao-Araucaria-2025-2026.jpg 1131w\" sizes=\"auto, (max-width: 724px) 100vw, 724px\" \/><\/figure>\n<\/div>","protected":false},"excerpt":{"rendered":"<p>ATEN\u00c7\u00c3O: &#8220;De 21 de maio a 10 de junho, os alunos classificados pelo SEBEC dever\u00e3o participar da fase de Avalia\u00e7\u00e3o Acad\u00eamica, que consiste na submiss\u00e3o de seu projeto e plano de trabalho e indica\u00e7\u00e3o do orientador. Todas as instru\u00e7\u00f5es e demais etapas os alunos dever\u00e3o acompanhar pelo endere\u00e7o:&nbsp;sites.uel.br\/inclusaosocial &#8221; . Edital 016\/2025 &#8211; Torna p\u00fablico [&hellip;]<\/p>\n","protected":false},"author":7,"featured_media":4410,"comment_status":"open","ping_status":"open","sticky":false,"template":"","format":"standard","meta":{"_acf_changed":false,"footnotes":""},"categories":[1],"tags":[],"class_list":["post-4409","post","type-post","status-publish","format-standard","has-post-thumbnail","hentry","category-noticias"],"acf":[],"_links":{"self":[{"href":"https:\/\/sites.uel.br\/sebec\/wp-json\/wp\/v2\/posts\/4409","targetHints":{"allow":["GET"]}}],"collection":[{"href":"https:\/\/sites.uel.br\/sebec\/wp-json\/wp\/v2\/posts"}],"about":[{"href":"https:\/\/sites.uel.br\/sebec\/wp-json\/wp\/v2\/types\/post"}],"author":[{"embeddable":true,"href":"https:\/\/sites.uel.br\/sebec\/wp-json\/wp\/v2\/users\/7"}],"replies":[{"embeddable":true,"href":"https:\/\/sites.uel.br\/sebec\/wp-json\/wp\/v2\/comments?post=4409"}],"version-history":[{"count":23,"href":"https:\/\/sites.uel.br\/sebec\/wp-json\/wp\/v2\/posts\/4409\/revisions"}],"predecessor-version":[{"id":4673,"href":"https:\/\/sites.uel.br\/sebec\/wp-json\/wp\/v2\/posts\/4409\/revisions\/4673"}],"wp:featuredmedia":[{"embeddable":true,"href":"https:\/\/sites.uel.br\/sebec\/wp-json\/wp\/v2\/media\/4410"}],"wp:attachment":[{"href":"https:\/\/sites.uel.br\/sebec\/wp-json\/wp\/v2\/media?parent=4409"}],"wp:term":[{"taxonomy":"category","embeddable":true,"href":"https:\/\/sites.uel.br\/sebec\/wp-json\/wp\/v2\/categories?post=4409"},{"taxonomy":"post_tag","embeddable":true,"href":"https:\/\/sites.uel.br\/sebec\/wp-json\/wp\/v2\/tags?post=4409"}],"curies":[{"name":"wp","href":"https:\/\/api.w.org\/{rel}","templated":true}]}}