{"id":312,"date":"2022-02-17T13:48:44","date_gmt":"2022-02-17T16:48:44","guid":{"rendered":"https:\/\/sites.uel.br\/sebec\/?p=312"},"modified":"2022-05-31T09:35:44","modified_gmt":"2022-05-31T12:35:44","slug":"prorrogada-as-inscricoes-para-o-processo-unificado-de-selecao-socioeconomica-para-os-programas-de-permanencia-estudantil","status":"publish","type":"post","link":"https:\/\/sites.uel.br\/sebec\/processo-de-selecao-socioeconomica\/2022\/02\/17\/prorrogada-as-inscricoes-para-o-processo-unificado-de-selecao-socioeconomica-para-os-programas-de-permanencia-estudantil\/","title":{"rendered":"Prorrogada as inscri\u00e7\u00f5es para o Processo Unificado de Sele\u00e7\u00e3o Socioecon\u00f4mica para os Programas de Perman\u00eancia Estudantil"},"content":{"rendered":"\n<p><\/p>\n\n\n\n<p>As inscri\u00e7\u00f5es do Processo Unificado de Sele\u00e7\u00e3o Socioecon\u00f4mica para os Programas de Perman\u00eancia Estudantil foram prorrogadas at\u00e9 o dia <strong>23 de fevereiro de 2022, \u00e0s 12 horas<\/strong>. Os estudantes de gradua\u00e7\u00e3o e p\u00f3s-gradua\u00e7\u00e3o da UEL, regularmente matriculados, podem se inscrever acessando o formul\u00e1rio dispon\u00edvel na P\u00e1gina do SEBEC ou por <strong><a href=\"https:\/\/sites.uel.br\/sebec\/?page_id=566\" target=\"_blank\" rel=\"noreferrer noopener\">este <em>link<\/em><\/a><\/strong>.<\/p>\n\n\n\n<p>A sele\u00e7\u00e3o oferta 78 vagas para Moradia Estudantil, 100 bolsas perman\u00eancia e 4.500 refei\u00e7\u00f5es com subs\u00eddio no Restaurante Universit\u00e1rio (RU) conforme o&nbsp;<a rel=\"noreferrer noopener\" href=\"https:\/\/www.uel.br\/sebec\/\/pages\/arquivos\/Processo%20Unificado%20Selecao%20Socioeconomica-2022\/Edital%20001%202022%20-%20Selecao%20Unificada%202022.pdf\" target=\"_blank\">Edital SEBEC n\u00b0 01\/2022<\/a>.<\/p>\n\n\n\n<p><\/p>\n","protected":false},"excerpt":{"rendered":"<p>As inscri\u00e7\u00f5es do Processo Unificado de Sele\u00e7\u00e3o Socioecon\u00f4mica para os Programas de Perman\u00eancia Estudantil foram prorrogadas at\u00e9 o dia 23 de fevereiro de 2022, \u00e0s 12 horas. Os estudantes de gradua\u00e7\u00e3o e p\u00f3s-gradua\u00e7\u00e3o da UEL, regularmente matriculados, podem se inscrever acessando o formul\u00e1rio dispon\u00edvel na P\u00e1gina do SEBEC ou por este link. A sele\u00e7\u00e3o oferta [&hellip;]<\/p>\n","protected":false},"author":1,"featured_media":0,"comment_status":"open","ping_status":"open","sticky":false,"template":"","format":"standard","meta":{"_acf_changed":false,"footnotes":""},"categories":[16],"tags":[6,18],"class_list":["post-312","post","type-post","status-publish","format-standard","hentry","category-processo-de-selecao-socioeconomica","tag-processo-de-selecao","tag-processo-unificado"],"acf":[],"_links":{"self":[{"href":"https:\/\/sites.uel.br\/sebec\/wp-json\/wp\/v2\/posts\/312","targetHints":{"allow":["GET"]}}],"collection":[{"href":"https:\/\/sites.uel.br\/sebec\/wp-json\/wp\/v2\/posts"}],"about":[{"href":"https:\/\/sites.uel.br\/sebec\/wp-json\/wp\/v2\/types\/post"}],"author":[{"embeddable":true,"href":"https:\/\/sites.uel.br\/sebec\/wp-json\/wp\/v2\/users\/1"}],"replies":[{"embeddable":true,"href":"https:\/\/sites.uel.br\/sebec\/wp-json\/wp\/v2\/comments?post=312"}],"version-history":[{"count":7,"href":"https:\/\/sites.uel.br\/sebec\/wp-json\/wp\/v2\/posts\/312\/revisions"}],"predecessor-version":[{"id":1650,"href":"https:\/\/sites.uel.br\/sebec\/wp-json\/wp\/v2\/posts\/312\/revisions\/1650"}],"wp:attachment":[{"href":"https:\/\/sites.uel.br\/sebec\/wp-json\/wp\/v2\/media?parent=312"}],"wp:term":[{"taxonomy":"category","embeddable":true,"href":"https:\/\/sites.uel.br\/sebec\/wp-json\/wp\/v2\/categories?post=312"},{"taxonomy":"post_tag","embeddable":true,"href":"https:\/\/sites.uel.br\/sebec\/wp-json\/wp\/v2\/tags?post=312"}],"curies":[{"name":"wp","href":"https:\/\/api.w.org\/{rel}","templated":true}]}}