{"id":2601,"date":"2023-12-18T16:58:28","date_gmt":"2023-12-18T19:58:28","guid":{"rendered":"https:\/\/sites.uel.br\/proppg\/?p=2601"},"modified":"2023-12-18T16:58:29","modified_gmt":"2023-12-18T19:58:29","slug":"universidade-tem-25-projetos-aprovados-na-chamada-universal-do-cnpq","status":"publish","type":"post","link":"https:\/\/sites.uel.br\/proppg\/sem-categoria\/2023\/12\/18\/universidade-tem-25-projetos-aprovados-na-chamada-universal-do-cnpq\/","title":{"rendered":"Universidade tem 25 projetos aprovados na Chamada Universal do CNPq"},"content":{"rendered":"\n<div style=\"height:30px\" aria-hidden=\"true\" class=\"wp-block-spacer\"><\/div>\n\n\n\n<p>A Universidade Estadual de Londrina celebra a aprova\u00e7\u00e3o de 25 projetos de pesquisa na&nbsp;<a href=\"https:\/\/www.gov.br\/cnpq\/pt-br\/assuntos\/noticias\/cnpq-em-acao\/cnpq-divulga-resultado-preliminar-da-chamada-universal-1\" target=\"_blank\" rel=\"noreferrer noopener\">Chamada P\u00fablica Universal n\u00ba 10\/2023<\/a>, do Conselho Nacional de Desenvolvimento Cient\u00edfico e Tecnol\u00f3gico do Minist\u00e9rio da Ci\u00eancia, Tecnologia e Inova\u00e7\u00e3o (CNPq\/MCTI). Com o resultado, mais R$ 2,3 milh\u00f5es em recursos do Governo Federal ser\u00e3o investidos no custeio das a\u00e7\u00f5es realizadas pelos grupos de pesquisa da UEL, o que envolve a aquisi\u00e7\u00e3o de materiais e equipamentos, contrata\u00e7\u00e3o de servi\u00e7os, passagens e di\u00e1rias e a concess\u00e3o de bolsas nas&nbsp;modalidades Inicia\u00e7\u00e3o Cient\u00edfica (IC), Inicia\u00e7\u00e3o Tecnol\u00f3gica Industrial (ITI), Desenvolvimento Tecnol\u00f3gico Industrial (DTI) e Apoio T\u00e9cnico (AT). A lista com os nomes dos proponentes e os recursos aprovados est\u00e1 dispon\u00edvel no final desta reportagem.&nbsp;<\/p>\n\n\n\n<p>Por meio da&nbsp;<a href=\"http:\/\/memoria2.cnpq.br\/web\/guest\/chamadas-publicas?p_p_id=resultadosportlet_WAR_resultadoscnpqportlet_INSTANCE_0ZaM&amp;filtro=abertas&amp;detalha=chamadaDivulgada&amp;idDivulgacao=11425\" target=\"_blank\" rel=\"noreferrer noopener\">Chamada P\u00fablica<\/a>, o&nbsp;Minist\u00e9rio da Ci\u00eancia, Tecnologia e Inova\u00e7\u00e3o&nbsp;liberou mais de&nbsp;R$ 300 milh\u00f5es para cerca de 2,7 mil projetos em todas as \u00e1reas do conhecimento,&nbsp;alocados em institui\u00e7\u00f5es de todo o Pa\u00eds. As propostas de pesquisa foram divididas em Faixa A, destinada a grupos emergentes com pelo menos tr\u00eas doutores, e Faixa B, para grupos consolidados que possuem entre seus membros, no m\u00ednimo, cinco doutores atuantes em ao menos duas institui\u00e7\u00f5es distintas. Os investimentos para cada projeto foram de at\u00e9 R$ 165 mil e R$ 275 mil, respectivamente.<\/p>\n\n\n\n<p>J\u00e1 as sete universidades estaduais do Paran\u00e1 somam 72 projetos, atingindo o total de R$ 6,2 milh\u00f5es. O estado \u00e9 o quinto do Pa\u00eds em valores e quantidade de projetos aprovados na Chamada P\u00fablica Universal, atr\u00e1s de S\u00e3o Paulo, Rio de Janeiro, Rio Grande de Sul e Minas Gerais.<\/p>\n\n\n\n<h2 class=\"wp-block-heading\"><strong>Aplica\u00e7\u00e3o<\/strong><\/h2>\n\n\n\n<p>Um dos projetos aprovados tem o objetivo de avaliar os&nbsp;par\u00e2metros metab\u00f3licos, reprodutivos, cardiovasculares, renais e inflamat\u00f3rios em rec\u00e9m-nascidos cujas m\u00e3es receberam a suplementa\u00e7\u00e3o nutricional de vitamina C durante a gesta\u00e7\u00e3o e a lacta\u00e7\u00e3o.&nbsp;O objetivo \u00e9 avaliar se a vitamina pode ser uma boa estrat\u00e9gia de preven\u00e7\u00e3o de danos oxidativos e comorbidades nos beb\u00eas, principalmente no caso de fam\u00edlias e indiv\u00edduos obesos.&nbsp;O projeto \u00e9 coordenado pelo&nbsp;docente do Departamento de Ci\u00eancias Fisiol\u00f3gicas (CCB), Ernane Torres&nbsp;Uch\u00f4a, e est\u00e1 inserido na Faixa A na Chamada Universal.&nbsp;<\/p>\n\n\n\n<p>Uchoa refor\u00e7a que a obesidade \u00e9 um dos maiores problemas de sa\u00fade p\u00fablica do mundo e o tempo de dura\u00e7\u00e3o prolongado da condi\u00e7\u00e3o f\u00edsica \u2013 da inf\u00e2ncia \u00e0 vida adulta \u2013 est\u00e1 diretamente associado \u00e0 piora de uma s\u00e9rie de comorbidades de natureza metab\u00f3lica, reprodutiva, cardiovascular, renal e inflamat\u00f3ria. \u201cA obesidade \u00e9 considerada um estado inflamat\u00f3rio de baixo grau e est\u00e1 associada ao aumento do estresse oxidativo. A vitamina C pode ser usada para atenuar o estresse oxidativo e inflama\u00e7\u00e3o em v\u00e1rias doen\u00e7as e o tratamento materno com vitamina C durante a gesta\u00e7\u00e3o e lacta\u00e7\u00e3o tem sido utilizado para prevenir danos oxidativos e comorbidades na prole em diversos modelos experimentais\u201d, explica o professor.<\/p>\n\n\n\n<p>Al\u00e9m da sua relev\u00e2ncia para a \u00e1rea, a proposta que trata da obesidade infantil est\u00e1 em conson\u00e2ncia com os Objetivos de Preven\u00e7\u00e3o e Controle de Doen\u00e7as Cr\u00f4nicas n\u00e3o transmiss\u00edveis almejado pela Organiza\u00e7\u00e3o Mundial de Sa\u00fade (OMS) e Organiza\u00e7\u00e3o das Na\u00e7\u00f5es Unidas (ONU).&nbsp;<\/p>\n\n\n\n<p>Desta forma, os recursos aprovados \u2013 R$ 100 mil \u2013 ir\u00e3o&nbsp;custear a aquisi\u00e7\u00e3o de itens para a realiza\u00e7\u00e3o de protocolos experimentais necess\u00e1rios \u00e0 condu\u00e7\u00e3o das pesquisas. Tais como maravalha (aparas de madeira) e ra\u00e7\u00e3o para ratos, material pl\u00e1stico descart\u00e1vel, seringas, agulhas e material cir\u00fargico, Equipamentos de Prote\u00e7\u00e3o Individual (EPIs), reagentes, kits para dosagens bioqu\u00edmicas e hormonais, recarga e mistura carbog\u00eanica e diversos insumos.&nbsp;<\/p>\n\n\n\n<p>Ele tamb\u00e9m explica que parte da verba ser\u00e1 destinada \u00e0 mobilidade e estada de estudantes&nbsp;e pesquisadoras entre as cidades de Londrina e Ribeir\u00e3o Preto, e outras cujos integrantes do grupo possuem colabora\u00e7\u00f5es inerentes \u00e0 realiza\u00e7\u00e3o do projeto. \u201cOutra parte tamb\u00e9m ser\u00e1 usada no desenvolvimento de atividades de extens\u00e3o, ou seja, a confec\u00e7\u00e3o de materiais educativos e de apoio, al\u00e9m do pagamento de servi\u00e7os de terceiros, como o conserto e manuten\u00e7\u00e3o de equipamentos\u201d, explica.<\/p>\n\n\n<div class=\"wp-block-image\">\n<figure class=\"aligncenter\"><img decoding=\"async\" src=\"https:\/\/operobal.uel.br\/wp-content\/webp-express\/webp-images\/doc-root\/wp-content\/uploads\/2023\/12\/WhatsApp-Image-2023-12-05-at-17.38.53-1024x541.jpeg.webp\" alt=\"\" class=\"wp-image-73234\"\/><figcaption class=\"wp-element-caption\">Grupo de pesquisa \u00e9 formado por doutores da UEL, Unopar e USP de Ribeir\u00e3o Preto. (Foto: Arquivo pessoal).<\/figcaption><\/figure>\n<\/div>\n\n\n<p>Integram o grupo de pesquisa os seguintes professores e pesquisadores do Departamento de Ci\u00eancias Fisiol\u00f3gicas da UEL: Ana Luiza Machado Wunderlich, Andressa de Freitas Mendes Dion\u00edsio, Camila Borecki Vidigal, C\u00e1ssia Tha\u00eds B. V. Zaia, Gisele Lopes Bertolini, Gislaine Garcia Pelosi Gomes, Graziela Scalianti Ceravolo e Priscila Cassola, al\u00e9m das pesquisadoras Cristiane Mota Leite (Unopar) e Lucila Leico Kagohara Elias (USP Ribeir\u00e3o Preto).&nbsp;<\/p>\n\n\n\n<p>Confira, abaixo, a lista completa de proponentes da projetos da UEL aprovados:<\/p>\n\n\n\n<figure class=\"wp-block-table\"><table><tbody><tr><td>Proponente<\/td><td>Faixa<\/td><td>Verba<\/td><\/tr><tr><td>Aline Aparecida de Souza Le\u00e3o<\/td><td>A<\/td><td>R$&nbsp; 34.432,25<\/td><\/tr><tr><td>Aline Franco da Rocha<\/td><td>A<\/td><td>R$ 49.360<\/td><\/tr><tr><td>Carlos Roberto Appoloni&nbsp;<\/td><td>B<\/td><td>R$ 110.00&nbsp;<\/td><\/tr><tr><td>Daniele Sartori&nbsp;<\/td><td>A<\/td><td>R$ 82.680<\/td><\/tr><tr><td>Edilson Serpeloni Cyrino&nbsp;&nbsp;<\/td><td>B<\/td><td>R$ 120.800<\/td><\/tr><tr><td>Eliane Christine Santos de Campos<\/td><td>A<\/td><td>R$ 49.000<\/td><\/tr><tr><td>Ernane Torres Uchoa<\/td><td>A<\/td><td>R$ 100.000<\/td><\/tr><tr><td>Fabio&nbsp;de Oliveira Pitta<\/td><td>B<\/td><td>R$ 83.240<\/td><\/tr><tr><td>Felipe Arruda Moura<\/td><td>B<\/td><td>R$ 87.000<\/td><\/tr><tr><td>Hernando Borges Neves Filho<\/td><td>A<\/td><td>R$ 47.160<\/td><\/tr><tr><td>Jorge Daniel de Melo Moura<\/td><td>B<\/td><td>R$ 30.000<\/td><\/tr><tr><td>Lourdes Maria Werle de Almeida<\/td><td>B<\/td><td>R$ 86.400<\/td><\/tr><tr><td>Marcelo Marcondes Seneda<\/td><td>B<\/td><td>R$ 275.000<\/td><\/tr><tr><td>Marcia Cristina de Costa Trindade Cyrino<\/td><td>B<\/td><td>R$ 102.160<\/td><\/tr><tr><td>Marcia Sgarbieiro<\/td><td>B<\/td><td>R$ 26.000<\/td><\/tr><tr><td>Maria Antonia Pedrine Colabone Celligoi<\/td><td>B<\/td><td>R$ 196.900<\/td><\/tr><tr><td>Maria Fernanda Rodrigues Graciano<\/td><td>A<\/td><td>R$ 66.000<\/td><\/tr><tr><td>Marla Karine Amarante<\/td><td>A<\/td><td>R$ 73.800<\/td><\/tr><tr><td>Odair Pastor Ferreira<\/td><td>B<\/td><td>R$ 173.000<\/td><\/tr><tr><td>Phelipe Oliveira Favaron<\/td><td>A<\/td><td>R$ 49.500<\/td><\/tr><tr><td>Phileno Pinge Filho<\/td><td>B<\/td><td>R$ 137.500<\/td><\/tr><tr><td>Renata Schlumberger Schevisbiski<\/td><td>A<\/td><td>R$ 73.760<\/td><\/tr><tr><td>Rosane Suely Alvares Lunardelli<\/td><td>A<\/td><td>R$ 33.860<\/td><\/tr><tr><td>Sergio Ruffo Roberto<\/td><td>B<\/td><td>R$ 193.000<\/td><\/tr><tr><td>Silvana Aparecida Mariano<\/td><td>B<\/td><td>R$ 63.500<\/td><\/tr><\/tbody><\/table><\/figure>\n\n\n\n<p>(Com informa\u00e7\u00f5es da AEN).<\/p>\n\n\n\n<p>Fonte: https:\/\/operobal.uel.br\/ultimas\/2023\/12\/07\/universidade-tem-25-projetos-aprovados-na-chamada-universal-do-cnpq\/<\/p>\n","protected":false},"excerpt":{"rendered":"<p>A Universidade Estadual de Londrina celebra a aprova\u00e7\u00e3o de 25 projetos de pesquisa na&nbsp;Chamada P\u00fablica Universal n\u00ba 10\/2023, do Conselho Nacional de Desenvolvimento Cient\u00edfico e Tecnol\u00f3gico do Minist\u00e9rio da Ci\u00eancia, Tecnologia e Inova\u00e7\u00e3o (CNPq\/MCTI). Com o resultado, mais R$ 2,3 milh\u00f5es em recursos do Governo Federal ser\u00e3o investidos no custeio das a\u00e7\u00f5es realizadas pelos grupos [&hellip;]<\/p>\n","protected":false},"author":12,"featured_media":0,"comment_status":"open","ping_status":"open","sticky":false,"template":"","format":"standard","meta":{"_acf_changed":false,"_themeisle_gutenberg_block_has_review":false,"footnotes":""},"categories":[1],"tags":[],"class_list":["post-2601","post","type-post","status-publish","format-standard","hentry","category-sem-categoria"],"acf":[],"_links":{"self":[{"href":"https:\/\/sites.uel.br\/proppg\/wp-json\/wp\/v2\/posts\/2601","targetHints":{"allow":["GET"]}}],"collection":[{"href":"https:\/\/sites.uel.br\/proppg\/wp-json\/wp\/v2\/posts"}],"about":[{"href":"https:\/\/sites.uel.br\/proppg\/wp-json\/wp\/v2\/types\/post"}],"author":[{"embeddable":true,"href":"https:\/\/sites.uel.br\/proppg\/wp-json\/wp\/v2\/users\/12"}],"replies":[{"embeddable":true,"href":"https:\/\/sites.uel.br\/proppg\/wp-json\/wp\/v2\/comments?post=2601"}],"version-history":[{"count":2,"href":"https:\/\/sites.uel.br\/proppg\/wp-json\/wp\/v2\/posts\/2601\/revisions"}],"predecessor-version":[{"id":2603,"href":"https:\/\/sites.uel.br\/proppg\/wp-json\/wp\/v2\/posts\/2601\/revisions\/2603"}],"wp:attachment":[{"href":"https:\/\/sites.uel.br\/proppg\/wp-json\/wp\/v2\/media?parent=2601"}],"wp:term":[{"taxonomy":"category","embeddable":true,"href":"https:\/\/sites.uel.br\/proppg\/wp-json\/wp\/v2\/categories?post=2601"},{"taxonomy":"post_tag","embeddable":true,"href":"https:\/\/sites.uel.br\/proppg\/wp-json\/wp\/v2\/tags?post=2601"}],"curies":[{"name":"wp","href":"https:\/\/api.w.org\/{rel}","templated":true}]}}