{"id":37405,"date":"2026-04-30T15:07:32","date_gmt":"2026-04-30T18:07:32","guid":{"rendered":"https:\/\/sites.uel.br\/prograd\/?p=37405"},"modified":"2026-04-30T15:13:34","modified_gmt":"2026-04-30T18:13:34","slug":"inscricao-para-bolsista-de-graduacao-uma-vaga-para-atuacao-no-proafe","status":"publish","type":"post","link":"https:\/\/sites.uel.br\/prograd\/programa-de-acompanhamento-formativo-e-permanencia-estudantil-nas-iees-do-parana-proafe\/2026\/04\/30\/inscricao-para-bolsista-de-graduacao-uma-vaga-para-atuacao-no-proafe\/","title":{"rendered":"Inscri\u00e7\u00e3o para bolsista de gradua\u00e7\u00e3o (uma vaga) para atua\u00e7\u00e3o no PROAFE"},"content":{"rendered":"\n<p>Torna p\u00fablico o edital de inscri\u00e7\u00e3o para bolsista de gradua\u00e7\u00e3o (uma vaga) para atua\u00e7\u00e3o no Programa de Acompanhamento Formativo e Perman\u00eancia Estudantil nas IEES do Paran\u00e1 (PROAFE)<\/p>\n\n\n\n<p><strong>Per\u00edodo de Inscri\u00e7\u00f5es:<\/strong> 30\/04\/2026 a 13\/05\/2026<\/p>\n\n\n\n<p><strong>Mais informa\u00e7\u00f5es (Edital Prograd 69\/2026)<\/strong>:&nbsp;<a href=\"https:\/\/sites.uel.br\/prograd\/wp-content\/uploads\/documentos\/editais\/2026\/prograd\/edital_69_26.pdf\" target=\"_blank\" rel=\"noreferrer noopener\">acesse aqui<\/a>.<\/p>\n","protected":false},"excerpt":{"rendered":"<p>Torna p\u00fablico o edital de inscri\u00e7\u00e3o para bolsista de gradua\u00e7\u00e3o (uma vaga) para atua\u00e7\u00e3o no Programa de Acompanhamento Formativo e Perman\u00eancia Estudantil nas IEES do Paran\u00e1 (PROAFE) Per\u00edodo de Inscri\u00e7\u00f5es: 30\/04\/2026 a 13\/05\/2026 Mais informa\u00e7\u00f5es (Edital Prograd 69\/2026):&nbsp;acesse aqui.<\/p>\n","protected":false},"author":8,"featured_media":0,"comment_status":"open","ping_status":"open","sticky":false,"template":"","format":"standard","meta":{"_acf_changed":false,"_themeisle_gutenberg_block_has_review":false,"footnotes":""},"categories":[176],"tags":[],"class_list":["post-37405","post","type-post","status-publish","format-standard","hentry","category-programa-de-acompanhamento-formativo-e-permanencia-estudantil-nas-iees-do-parana-proafe"],"acf":[],"_links":{"self":[{"href":"https:\/\/sites.uel.br\/prograd\/wp-json\/wp\/v2\/posts\/37405","targetHints":{"allow":["GET"]}}],"collection":[{"href":"https:\/\/sites.uel.br\/prograd\/wp-json\/wp\/v2\/posts"}],"about":[{"href":"https:\/\/sites.uel.br\/prograd\/wp-json\/wp\/v2\/types\/post"}],"author":[{"embeddable":true,"href":"https:\/\/sites.uel.br\/prograd\/wp-json\/wp\/v2\/users\/8"}],"replies":[{"embeddable":true,"href":"https:\/\/sites.uel.br\/prograd\/wp-json\/wp\/v2\/comments?post=37405"}],"version-history":[{"count":3,"href":"https:\/\/sites.uel.br\/prograd\/wp-json\/wp\/v2\/posts\/37405\/revisions"}],"predecessor-version":[{"id":37408,"href":"https:\/\/sites.uel.br\/prograd\/wp-json\/wp\/v2\/posts\/37405\/revisions\/37408"}],"wp:attachment":[{"href":"https:\/\/sites.uel.br\/prograd\/wp-json\/wp\/v2\/media?parent=37405"}],"wp:term":[{"taxonomy":"category","embeddable":true,"href":"https:\/\/sites.uel.br\/prograd\/wp-json\/wp\/v2\/categories?post=37405"},{"taxonomy":"post_tag","embeddable":true,"href":"https:\/\/sites.uel.br\/prograd\/wp-json\/wp\/v2\/tags?post=37405"}],"curies":[{"name":"wp","href":"https:\/\/api.w.org\/{rel}","templated":true}]}}