{"id":37379,"date":"2026-04-29T16:46:35","date_gmt":"2026-04-29T19:46:35","guid":{"rendered":"https:\/\/sites.uel.br\/prograd\/?p=37379"},"modified":"2026-04-30T07:52:48","modified_gmt":"2026-04-30T10:52:48","slug":"abertura-de-inscricao-para-o-processo-de-selecao-de-docentes-interessados-em-atuar-como-tutora-do-grupo-pet-fisica","status":"publish","type":"post","link":"https:\/\/sites.uel.br\/prograd\/comite-local-de-acompanhamento-e-avaliacao-claa\/2026\/04\/29\/abertura-de-inscricao-para-o-processo-de-selecao-de-docentes-interessados-em-atuar-como-tutora-do-grupo-pet-fisica\/","title":{"rendered":"Abertura de inscri\u00e7\u00e3o para o processo de sele\u00e7\u00e3o de docentes interessados em atuar como Tutor(a) do Grupo PET F\u00edsica"},"content":{"rendered":"\n<p>Torna p\u00fablico a abertura de inscri\u00e7\u00e3o para o processo de sele\u00e7\u00e3o de docentes interessados em atuar como Tutor(a) do Grupo PET F\u00edsica<\/p>\n\n\n\n<p><strong>Per\u00edodo de Inscri\u00e7\u00f5es:<\/strong> 07 a 10 de maio de 2026<\/p>\n\n\n\n<p><strong>Mais informa\u00e7\u00f5es (Edital Prograd\/Claa 01\/2026)<\/strong>:\u00a0<a href=\"https:\/\/sites.uel.br\/prograd\/wp-content\/uploads\/documentos\/editais\/2026\/claa\/edital_prograd_claa_01_26.pdf\" target=\"_blank\" rel=\"noreferrer noopener\">acesse aqui<\/a><br><br><strong>Anexo I (Edital Prograd\/Claa 01\/2026):<\/strong> <a href=\"https:\/\/sites.uel.br\/prograd\/wp-content\/uploads\/documentos\/editais\/2026\/prograd\/edital_prograd_claa_01_26_anexo_i-.doc\" target=\"_blank\" rel=\"noreferrer noopener\">acesse aqui<\/a><br><strong>Anexo III (Edital Prograd\/Claa 01\/2026):<\/strong> <a href=\"https:\/\/sites.uel.br\/prograd\/wp-content\/uploads\/documentos\/editais\/2026\/prograd\/edital_prograd_claa_01_26_anexo_iii.doc\" target=\"_blank\" rel=\"noreferrer noopener\">acesse aqui<\/a><\/p>\n","protected":false},"excerpt":{"rendered":"<p>Torna p\u00fablico a abertura de inscri\u00e7\u00e3o para o processo de sele\u00e7\u00e3o de docentes interessados em atuar como Tutor(a) do Grupo PET F\u00edsica Per\u00edodo de Inscri\u00e7\u00f5es: 07 a 10 de maio de 2026 Mais informa\u00e7\u00f5es (Edital Prograd\/Claa 01\/2026):\u00a0acesse aqui Anexo I (Edital Prograd\/Claa 01\/2026): acesse aquiAnexo III (Edital Prograd\/Claa 01\/2026): acesse aqui<\/p>\n","protected":false},"author":8,"featured_media":0,"comment_status":"open","ping_status":"open","sticky":false,"template":"","format":"standard","meta":{"_acf_changed":false,"_themeisle_gutenberg_block_has_review":false,"footnotes":""},"categories":[178],"tags":[],"class_list":["post-37379","post","type-post","status-publish","format-standard","hentry","category-comite-local-de-acompanhamento-e-avaliacao-claa"],"acf":[],"_links":{"self":[{"href":"https:\/\/sites.uel.br\/prograd\/wp-json\/wp\/v2\/posts\/37379","targetHints":{"allow":["GET"]}}],"collection":[{"href":"https:\/\/sites.uel.br\/prograd\/wp-json\/wp\/v2\/posts"}],"about":[{"href":"https:\/\/sites.uel.br\/prograd\/wp-json\/wp\/v2\/types\/post"}],"author":[{"embeddable":true,"href":"https:\/\/sites.uel.br\/prograd\/wp-json\/wp\/v2\/users\/8"}],"replies":[{"embeddable":true,"href":"https:\/\/sites.uel.br\/prograd\/wp-json\/wp\/v2\/comments?post=37379"}],"version-history":[{"count":7,"href":"https:\/\/sites.uel.br\/prograd\/wp-json\/wp\/v2\/posts\/37379\/revisions"}],"predecessor-version":[{"id":37391,"href":"https:\/\/sites.uel.br\/prograd\/wp-json\/wp\/v2\/posts\/37379\/revisions\/37391"}],"wp:attachment":[{"href":"https:\/\/sites.uel.br\/prograd\/wp-json\/wp\/v2\/media?parent=37379"}],"wp:term":[{"taxonomy":"category","embeddable":true,"href":"https:\/\/sites.uel.br\/prograd\/wp-json\/wp\/v2\/categories?post=37379"},{"taxonomy":"post_tag","embeddable":true,"href":"https:\/\/sites.uel.br\/prograd\/wp-json\/wp\/v2\/tags?post=37379"}],"curies":[{"name":"wp","href":"https:\/\/api.w.org\/{rel}","templated":true}]}}