{"id":37330,"date":"2026-04-27T16:56:18","date_gmt":"2026-04-27T19:56:18","guid":{"rendered":"https:\/\/sites.uel.br\/prograd\/?p=37330"},"modified":"2026-04-27T16:56:48","modified_gmt":"2026-04-27T19:56:48","slug":"homologacao-de-inscricao-para-bolsista-profissional-graduadoa-pleno-para-o-proafe","status":"publish","type":"post","link":"https:\/\/sites.uel.br\/prograd\/programa-de-acompanhamento-formativo-e-permanencia-estudantil-nas-iees-do-parana-proafe\/2026\/04\/27\/homologacao-de-inscricao-para-bolsista-profissional-graduadoa-pleno-para-o-proafe\/","title":{"rendered":"Homologa\u00e7\u00e3o de inscri\u00e7\u00e3o para bolsista profissional graduado(a) pleno para o PROAFE"},"content":{"rendered":"\n<p>Torna p\u00fablico a homologa\u00e7\u00e3o de inscri\u00e7\u00e3o para bolsista profissional graduado(a) pleno previsto por meio do Edital Prograd 064\/2025 para o Programa de Acompanhamento Formativo e Perman\u00eancia Estudantil nas IEES do Paran\u00e1 (PROAFE)<\/p>\n\n\n\n<p><strong>Mais informa\u00e7\u00f5es (Edital Prograd 66\/2026)<\/strong>:\u00a0<a href=\"https:\/\/sites.uel.br\/prograd\/wp-content\/uploads\/documentos\/editais\/2026\/prograd\/edital_66_26.pdf\" target=\"_blank\" rel=\"noreferrer noopener\">acesse aqui<\/a>.<\/p>\n","protected":false},"excerpt":{"rendered":"<p>Torna p\u00fablico a homologa\u00e7\u00e3o de inscri\u00e7\u00e3o para bolsista profissional graduado(a) pleno previsto por meio do Edital Prograd 064\/2025 para o Programa de Acompanhamento Formativo e Perman\u00eancia Estudantil nas IEES do Paran\u00e1 (PROAFE) Mais informa\u00e7\u00f5es (Edital Prograd 66\/2026):\u00a0acesse aqui.<\/p>\n","protected":false},"author":8,"featured_media":0,"comment_status":"open","ping_status":"open","sticky":false,"template":"","format":"standard","meta":{"_acf_changed":false,"_themeisle_gutenberg_block_has_review":false,"footnotes":""},"categories":[176],"tags":[],"class_list":["post-37330","post","type-post","status-publish","format-standard","hentry","category-programa-de-acompanhamento-formativo-e-permanencia-estudantil-nas-iees-do-parana-proafe"],"acf":[],"_links":{"self":[{"href":"https:\/\/sites.uel.br\/prograd\/wp-json\/wp\/v2\/posts\/37330","targetHints":{"allow":["GET"]}}],"collection":[{"href":"https:\/\/sites.uel.br\/prograd\/wp-json\/wp\/v2\/posts"}],"about":[{"href":"https:\/\/sites.uel.br\/prograd\/wp-json\/wp\/v2\/types\/post"}],"author":[{"embeddable":true,"href":"https:\/\/sites.uel.br\/prograd\/wp-json\/wp\/v2\/users\/8"}],"replies":[{"embeddable":true,"href":"https:\/\/sites.uel.br\/prograd\/wp-json\/wp\/v2\/comments?post=37330"}],"version-history":[{"count":3,"href":"https:\/\/sites.uel.br\/prograd\/wp-json\/wp\/v2\/posts\/37330\/revisions"}],"predecessor-version":[{"id":37333,"href":"https:\/\/sites.uel.br\/prograd\/wp-json\/wp\/v2\/posts\/37330\/revisions\/37333"}],"wp:attachment":[{"href":"https:\/\/sites.uel.br\/prograd\/wp-json\/wp\/v2\/media?parent=37330"}],"wp:term":[{"taxonomy":"category","embeddable":true,"href":"https:\/\/sites.uel.br\/prograd\/wp-json\/wp\/v2\/categories?post=37330"},{"taxonomy":"post_tag","embeddable":true,"href":"https:\/\/sites.uel.br\/prograd\/wp-json\/wp\/v2\/tags?post=37330"}],"curies":[{"name":"wp","href":"https:\/\/api.w.org\/{rel}","templated":true}]}}