{"id":37108,"date":"2026-03-30T16:52:41","date_gmt":"2026-03-30T19:52:41","guid":{"rendered":"https:\/\/sites.uel.br\/prograd\/?p=37108"},"modified":"2026-03-30T16:52:42","modified_gmt":"2026-03-30T19:52:42","slug":"resultado-parcial-do-processo-de-selecao-de-estudantes-para-atuar-como-bolsista-de-iniciacao-a-docencia-para-o-pibid-uel","status":"publish","type":"post","link":"https:\/\/sites.uel.br\/prograd\/programa-institucional-de-bolsa-de-iniciacao-a-docencia-pibid\/2026\/03\/30\/resultado-parcial-do-processo-de-selecao-de-estudantes-para-atuar-como-bolsista-de-iniciacao-a-docencia-para-o-pibid-uel\/","title":{"rendered":"Resultado parcial do processo de sele\u00e7\u00e3o de estudantes para atuar como bolsista de inicia\u00e7\u00e3o \u00e0 doc\u00eancia para o PIBID UEL"},"content":{"rendered":"<div class=\"wp-block-image\">\n<figure class=\"aligncenter size-full\"><img loading=\"lazy\" decoding=\"async\" width=\"517\" height=\"208\" src=\"https:\/\/sites.uel.br\/prograd\/wp-content\/uploads\/2024\/09\/logo_pibid.jpg\" alt=\"\" class=\"wp-image-32671\" srcset=\"https:\/\/sites.uel.br\/prograd\/wp-content\/uploads\/2024\/09\/logo_pibid.jpg 517w, https:\/\/sites.uel.br\/prograd\/wp-content\/uploads\/2024\/09\/logo_pibid-300x121.jpg 300w\" sizes=\"auto, (max-width: 517px) 100vw, 517px\" \/><\/figure>\n<\/div>\n\n\n<div style=\"height:20px\" aria-hidden=\"true\" class=\"wp-block-spacer\"><\/div>\n\n\n\n<p>Torna p\u00fablico o resultado parcial do processo de sele\u00e7\u00e3o de estudantes para atuar como bolsista de inicia\u00e7\u00e3o \u00e0 doc\u00eancia em \u00e1rea espec\u00edfica e para regime de dedica\u00e7\u00e3o, aberto pelo Edital PROGRAD n\u00ba 020\/2026 e visando a forma\u00e7\u00e3o de Cadastro de Reserva para o PIBID UEL<\/p>\n\n\n\n<p><strong>Mais informa\u00e7\u00f5es<\/strong> (Edital Prograd 59\/2026):\u00a0<a href=\"https:\/\/sites.uel.br\/prograd\/wp-content\/uploads\/documentos\/editais\/2026\/prograd\/edital_59_26.pdf\" target=\"_blank\" rel=\"noreferrer noopener\">acesse aqui<\/a>.<\/p>\n","protected":false},"excerpt":{"rendered":"<p>Torna p\u00fablico o resultado parcial do processo de sele\u00e7\u00e3o de estudantes para atuar como bolsista de inicia\u00e7\u00e3o \u00e0 doc\u00eancia em \u00e1rea espec\u00edfica e para regime de dedica\u00e7\u00e3o, aberto pelo Edital PROGRAD n\u00ba 020\/2026 e visando a forma\u00e7\u00e3o de Cadastro de Reserva para o PIBID UEL Mais informa\u00e7\u00f5es (Edital Prograd 59\/2026):\u00a0acesse aqui.<\/p>\n","protected":false},"author":8,"featured_media":0,"comment_status":"open","ping_status":"open","sticky":false,"template":"","format":"standard","meta":{"_acf_changed":false,"_themeisle_gutenberg_block_has_review":false,"footnotes":""},"categories":[7],"tags":[],"class_list":["post-37108","post","type-post","status-publish","format-standard","hentry","category-programa-institucional-de-bolsa-de-iniciacao-a-docencia-pibid"],"acf":[],"_links":{"self":[{"href":"https:\/\/sites.uel.br\/prograd\/wp-json\/wp\/v2\/posts\/37108","targetHints":{"allow":["GET"]}}],"collection":[{"href":"https:\/\/sites.uel.br\/prograd\/wp-json\/wp\/v2\/posts"}],"about":[{"href":"https:\/\/sites.uel.br\/prograd\/wp-json\/wp\/v2\/types\/post"}],"author":[{"embeddable":true,"href":"https:\/\/sites.uel.br\/prograd\/wp-json\/wp\/v2\/users\/8"}],"replies":[{"embeddable":true,"href":"https:\/\/sites.uel.br\/prograd\/wp-json\/wp\/v2\/comments?post=37108"}],"version-history":[{"count":1,"href":"https:\/\/sites.uel.br\/prograd\/wp-json\/wp\/v2\/posts\/37108\/revisions"}],"predecessor-version":[{"id":37109,"href":"https:\/\/sites.uel.br\/prograd\/wp-json\/wp\/v2\/posts\/37108\/revisions\/37109"}],"wp:attachment":[{"href":"https:\/\/sites.uel.br\/prograd\/wp-json\/wp\/v2\/media?parent=37108"}],"wp:term":[{"taxonomy":"category","embeddable":true,"href":"https:\/\/sites.uel.br\/prograd\/wp-json\/wp\/v2\/categories?post=37108"},{"taxonomy":"post_tag","embeddable":true,"href":"https:\/\/sites.uel.br\/prograd\/wp-json\/wp\/v2\/tags?post=37108"}],"curies":[{"name":"wp","href":"https:\/\/api.w.org\/{rel}","templated":true}]}}