{"id":37099,"date":"2026-03-27T21:29:17","date_gmt":"2026-03-28T00:29:17","guid":{"rendered":"https:\/\/sites.uel.br\/prograd\/?p=37099"},"modified":"2026-03-27T21:29:49","modified_gmt":"2026-03-28T00:29:49","slug":"resultado-final-para-cadastro-reserva-de-estudantes-graduandos-para-atuacao-no-nip-uel","status":"publish","type":"post","link":"https:\/\/sites.uel.br\/prograd\/nucleo-de-insercao-profissional-nip\/2026\/03\/27\/resultado-final-para-cadastro-reserva-de-estudantes-graduandos-para-atuacao-no-nip-uel\/","title":{"rendered":"Resultado final para cadastro reserva de estudantes graduandos para atua\u00e7\u00e3o no NIP &#8211; UEL"},"content":{"rendered":"\n<p>Torna p\u00fablico o edital de resultado final para cadastro reserva de estudantes graduandos para atua\u00e7\u00e3o no PROGRAMA PARANAENSE DE APRENDIZADO PR\u00c1TICO E INTEGRA\u00c7\u00c3O UNIVERSIDADE-SOCIEDADE &#8211; N\u00daCLEO DE INSER\u00c7\u00c3O PROFISSIONAL NIP &#8211; UEL, conforme edital 052\/2026<\/p>\n\n\n\n<p><strong>Mais informa\u00e7\u00f5es<\/strong> (Edital Prograd 58\/2026):\u00a0<a href=\"https:\/\/sites.uel.br\/prograd\/wp-content\/uploads\/documentos\/editais\/2026\/prograd\/edital_58_26.pdf\" target=\"_blank\" rel=\"noreferrer noopener\">acesse aqui<\/a>.<\/p>\n\n\n\n<p><\/p>\n","protected":false},"excerpt":{"rendered":"<p>Torna p\u00fablico o edital de resultado final para cadastro reserva de estudantes graduandos para atua\u00e7\u00e3o no PROGRAMA PARANAENSE DE APRENDIZADO PR\u00c1TICO E INTEGRA\u00c7\u00c3O UNIVERSIDADE-SOCIEDADE &#8211; N\u00daCLEO DE INSER\u00c7\u00c3O PROFISSIONAL NIP &#8211; UEL, conforme edital 052\/2026 Mais informa\u00e7\u00f5es (Edital Prograd 58\/2026):\u00a0acesse aqui.<\/p>\n","protected":false},"author":8,"featured_media":0,"comment_status":"open","ping_status":"open","sticky":false,"template":"","format":"standard","meta":{"_acf_changed":false,"_themeisle_gutenberg_block_has_review":false,"footnotes":""},"categories":[154],"tags":[],"class_list":["post-37099","post","type-post","status-publish","format-standard","hentry","category-nucleo-de-insercao-profissional-nip"],"acf":[],"_links":{"self":[{"href":"https:\/\/sites.uel.br\/prograd\/wp-json\/wp\/v2\/posts\/37099","targetHints":{"allow":["GET"]}}],"collection":[{"href":"https:\/\/sites.uel.br\/prograd\/wp-json\/wp\/v2\/posts"}],"about":[{"href":"https:\/\/sites.uel.br\/prograd\/wp-json\/wp\/v2\/types\/post"}],"author":[{"embeddable":true,"href":"https:\/\/sites.uel.br\/prograd\/wp-json\/wp\/v2\/users\/8"}],"replies":[{"embeddable":true,"href":"https:\/\/sites.uel.br\/prograd\/wp-json\/wp\/v2\/comments?post=37099"}],"version-history":[{"count":3,"href":"https:\/\/sites.uel.br\/prograd\/wp-json\/wp\/v2\/posts\/37099\/revisions"}],"predecessor-version":[{"id":37122,"href":"https:\/\/sites.uel.br\/prograd\/wp-json\/wp\/v2\/posts\/37099\/revisions\/37122"}],"wp:attachment":[{"href":"https:\/\/sites.uel.br\/prograd\/wp-json\/wp\/v2\/media?parent=37099"}],"wp:term":[{"taxonomy":"category","embeddable":true,"href":"https:\/\/sites.uel.br\/prograd\/wp-json\/wp\/v2\/categories?post=37099"},{"taxonomy":"post_tag","embeddable":true,"href":"https:\/\/sites.uel.br\/prograd\/wp-json\/wp\/v2\/tags?post=37099"}],"curies":[{"name":"wp","href":"https:\/\/api.w.org\/{rel}","templated":true}]}}