{"id":37088,"date":"2026-03-24T16:50:44","date_gmt":"2026-03-24T19:50:44","guid":{"rendered":"https:\/\/sites.uel.br\/prograd\/?p=37088"},"modified":"2026-03-24T16:52:51","modified_gmt":"2026-03-24T19:52:51","slug":"google-cloud-computing-foundations-inscricoes","status":"publish","type":"post","link":"https:\/\/sites.uel.br\/prograd\/google-cloud-computing-foundations\/2026\/03\/24\/google-cloud-computing-foundations-inscricoes\/","title":{"rendered":"Google Cloud Computing Foundations (Inscri\u00e7\u00f5es)"},"content":{"rendered":"<div class=\"wp-block-image\">\n<figure class=\"aligncenter size-full\"><img loading=\"lazy\" decoding=\"async\" width=\"1080\" height=\"1350\" src=\"https:\/\/sites.uel.br\/prograd\/wp-content\/uploads\/2026\/03\/google_clouding.jpg\" alt=\"\" class=\"wp-image-37086\" srcset=\"https:\/\/sites.uel.br\/prograd\/wp-content\/uploads\/2026\/03\/google_clouding.jpg 1080w, https:\/\/sites.uel.br\/prograd\/wp-content\/uploads\/2026\/03\/google_clouding-240x300.jpg 240w, https:\/\/sites.uel.br\/prograd\/wp-content\/uploads\/2026\/03\/google_clouding-819x1024.jpg 819w, https:\/\/sites.uel.br\/prograd\/wp-content\/uploads\/2026\/03\/google_clouding-768x960.jpg 768w\" sizes=\"auto, (max-width: 1080px) 100vw, 1080px\" \/><\/figure>\n<\/div>\n\n\n<p>\ud83d\ude80 <strong>O futuro da tecnologia come\u00e7a agora!<\/strong><br><br>Est\u00e3o abertas as inscri\u00e7\u00f5es para a Academia Google Cloud Computing Foundations, uma iniciativa em parceria com o Governo do Paran\u00e1 para capacitar estudantes do estado em computa\u00e7\u00e3o em nuvem. \u2601\ufe0f\ud83d\udca1<br><br>Durante 5 semanas de forma\u00e7\u00e3o (08\/04 a 15\/05), os participantes ter\u00e3o acesso a 40 horas de conte\u00fado, combinando m\u00f3dulos te\u00f3ricos e laborat\u00f3rios pr\u00e1ticos, al\u00e9m de sess\u00f5es ao vivo com engenheiros especialistas do Google Cloud Brasil.<br><br>Ao longo da jornada, os alunos poder\u00e3o conquistar 4 microcertifica\u00e7\u00f5es Google Cloud, fortalecer suas habilidades em infraestrutura, redes, seguran\u00e7a, dados, ML e IA; e ainda participar de mentoria de carreira e uma Job Fair com oportunidades no mercado de tecnologia. \ud83d\udcbc\u2728<br><br>\ud83d\udcda Aberto para estudantes do Paran\u00e1 maiores de 18 anos, de institui\u00e7\u00f5es p\u00fablicas, privadas e t\u00e9cnicas.<br>\ud83d\uddd3 Inscri\u00e7\u00f5es: 15\/03 a 02\/04<br>\ud83c\udf93 In\u00edcio da academia: 08\/04<br><br>N\u00e3o perca a chance de dar o pr\u00f3ximo passo na sua carreira em tecnologia!<br><br><strong>Inscri\u00e7\u00f5es:<\/strong><br><a href=\"https:\/\/rsvp.withgoogle.com\/events\/google-cloud-computing-foundations-academy-br-parana-2026\" target=\"_blank\" rel=\"noreferrer noopener\">https:\/\/rsvp.withgoogle.com\/events\/google-cloud-computing-foundations-academy-br-parana-2026<\/a><\/p>\n","protected":false},"excerpt":{"rendered":"<p>\ud83d\ude80 O futuro da tecnologia come\u00e7a agora! Est\u00e3o abertas as inscri\u00e7\u00f5es para a Academia Google Cloud Computing Foundations, uma iniciativa em parceria com o Governo do Paran\u00e1 para capacitar estudantes do estado em computa\u00e7\u00e3o em nuvem. \u2601\ufe0f\ud83d\udca1 Durante 5 semanas de forma\u00e7\u00e3o (08\/04 a 15\/05), os participantes ter\u00e3o acesso a 40 horas de conte\u00fado, combinando [&hellip;]<\/p>\n","protected":false},"author":8,"featured_media":0,"comment_status":"open","ping_status":"open","sticky":false,"template":"","format":"standard","meta":{"_acf_changed":false,"_themeisle_gutenberg_block_has_review":false,"footnotes":""},"categories":[175],"tags":[],"class_list":["post-37088","post","type-post","status-publish","format-standard","hentry","category-google-cloud-computing-foundations"],"acf":[],"_links":{"self":[{"href":"https:\/\/sites.uel.br\/prograd\/wp-json\/wp\/v2\/posts\/37088","targetHints":{"allow":["GET"]}}],"collection":[{"href":"https:\/\/sites.uel.br\/prograd\/wp-json\/wp\/v2\/posts"}],"about":[{"href":"https:\/\/sites.uel.br\/prograd\/wp-json\/wp\/v2\/types\/post"}],"author":[{"embeddable":true,"href":"https:\/\/sites.uel.br\/prograd\/wp-json\/wp\/v2\/users\/8"}],"replies":[{"embeddable":true,"href":"https:\/\/sites.uel.br\/prograd\/wp-json\/wp\/v2\/comments?post=37088"}],"version-history":[{"count":2,"href":"https:\/\/sites.uel.br\/prograd\/wp-json\/wp\/v2\/posts\/37088\/revisions"}],"predecessor-version":[{"id":37090,"href":"https:\/\/sites.uel.br\/prograd\/wp-json\/wp\/v2\/posts\/37088\/revisions\/37090"}],"wp:attachment":[{"href":"https:\/\/sites.uel.br\/prograd\/wp-json\/wp\/v2\/media?parent=37088"}],"wp:term":[{"taxonomy":"category","embeddable":true,"href":"https:\/\/sites.uel.br\/prograd\/wp-json\/wp\/v2\/categories?post=37088"},{"taxonomy":"post_tag","embeddable":true,"href":"https:\/\/sites.uel.br\/prograd\/wp-json\/wp\/v2\/tags?post=37088"}],"curies":[{"name":"wp","href":"https:\/\/api.w.org\/{rel}","templated":true}]}}