{"id":36936,"date":"2026-03-02T11:41:02","date_gmt":"2026-03-02T14:41:02","guid":{"rendered":"https:\/\/sites.uel.br\/prograd\/?p=36936"},"modified":"2026-03-02T11:41:02","modified_gmt":"2026-03-02T14:41:02","slug":"ajuste-de-matricula","status":"publish","type":"post","link":"https:\/\/sites.uel.br\/prograd\/matriculas\/2026\/03\/02\/ajuste-de-matricula\/","title":{"rendered":"Ajuste de Matr\u00edcula"},"content":{"rendered":"\n<p>A Pr\u00f3-Reitoria de Gradua\u00e7\u00e3o, faz saber aos estudantes de diversos cursos da UEL os pareceres em rela\u00e7\u00e3o ao sistema de matr\u00edcula por atividade acad\u00eamica referentes ao ano letivo de 2026.<br><\/p>\n\n\n\n<p><a href=\"https:\/\/sites.uel.br\/prograd\/wp-content\/uploads\/documentos\/editais\/2026\/prograd\/edital_22-ao-30_26.pdf\" target=\"_blank\" rel=\"noreferrer noopener\">Editais 22 a 30\/2026<\/a><\/p>\n","protected":false},"excerpt":{"rendered":"<p>A Pr\u00f3-Reitoria de Gradua\u00e7\u00e3o, faz saber aos estudantes de diversos cursos da UEL os pareceres em rela\u00e7\u00e3o ao sistema de matr\u00edcula por atividade acad\u00eamica referentes ao ano letivo de 2026. Editais 22 a 30\/2026<\/p>\n","protected":false},"author":20,"featured_media":0,"comment_status":"open","ping_status":"open","sticky":false,"template":"","format":"standard","meta":{"_acf_changed":false,"_themeisle_gutenberg_block_has_review":false,"footnotes":""},"categories":[41],"tags":[],"class_list":["post-36936","post","type-post","status-publish","format-standard","hentry","category-matriculas"],"acf":[],"_links":{"self":[{"href":"https:\/\/sites.uel.br\/prograd\/wp-json\/wp\/v2\/posts\/36936","targetHints":{"allow":["GET"]}}],"collection":[{"href":"https:\/\/sites.uel.br\/prograd\/wp-json\/wp\/v2\/posts"}],"about":[{"href":"https:\/\/sites.uel.br\/prograd\/wp-json\/wp\/v2\/types\/post"}],"author":[{"embeddable":true,"href":"https:\/\/sites.uel.br\/prograd\/wp-json\/wp\/v2\/users\/20"}],"replies":[{"embeddable":true,"href":"https:\/\/sites.uel.br\/prograd\/wp-json\/wp\/v2\/comments?post=36936"}],"version-history":[{"count":1,"href":"https:\/\/sites.uel.br\/prograd\/wp-json\/wp\/v2\/posts\/36936\/revisions"}],"predecessor-version":[{"id":36937,"href":"https:\/\/sites.uel.br\/prograd\/wp-json\/wp\/v2\/posts\/36936\/revisions\/36937"}],"wp:attachment":[{"href":"https:\/\/sites.uel.br\/prograd\/wp-json\/wp\/v2\/media?parent=36936"}],"wp:term":[{"taxonomy":"category","embeddable":true,"href":"https:\/\/sites.uel.br\/prograd\/wp-json\/wp\/v2\/categories?post=36936"},{"taxonomy":"post_tag","embeddable":true,"href":"https:\/\/sites.uel.br\/prograd\/wp-json\/wp\/v2\/tags?post=36936"}],"curies":[{"name":"wp","href":"https:\/\/api.w.org\/{rel}","templated":true}]}}