{"id":36623,"date":"2026-01-20T08:52:15","date_gmt":"2026-01-20T11:52:15","guid":{"rendered":"https:\/\/sites.uel.br\/prograd\/?p=36623"},"modified":"2026-01-20T08:52:16","modified_gmt":"2026-01-20T11:52:16","slug":"uel-oferta-563-vagas-pelo-sisu-2026","status":"publish","type":"post","link":"https:\/\/sites.uel.br\/prograd\/sisu\/2026\/01\/20\/uel-oferta-563-vagas-pelo-sisu-2026\/","title":{"rendered":"UEL oferta 563 vagas pelo Sisu 2026"},"content":{"rendered":"\n<figure class=\"wp-block-embed aligncenter is-type-wp-embed is-provider-o-perobal-uel wp-block-embed-o-perobal-uel\"><div class=\"wp-block-embed__wrapper\">\n<blockquote class=\"wp-embedded-content\" data-secret=\"bfqXGZhvfW\"><a href=\"https:\/\/operobal.uel.br\/educacao\/2026\/01\/16\/uel-oferta-563-vagas-pelo-sisu-2026\/\">UEL oferta 563 vagas pelo Sisu 2026<\/a><\/blockquote><iframe loading=\"lazy\" class=\"wp-embedded-content\" sandbox=\"allow-scripts\" security=\"restricted\" style=\"position: absolute; visibility: hidden;\" title=\"&#8220;UEL oferta 563 vagas pelo Sisu 2026&#8221; &#8212; O Perobal - UEL\" src=\"https:\/\/operobal.uel.br\/educacao\/2026\/01\/16\/uel-oferta-563-vagas-pelo-sisu-2026\/embed\/#?secret=5C8ttmAZYQ#?secret=bfqXGZhvfW\" data-secret=\"bfqXGZhvfW\" width=\"500\" height=\"282\" frameborder=\"0\" marginwidth=\"0\" marginheight=\"0\" scrolling=\"no\"><\/iframe>\n<\/div><\/figure>\n\n\n\n<p>S\u00e3o ofertadas vagas para 44 cursos, com oportunidades nos per\u00edodos matutino, vespertino e noturno, nas habilita\u00e7\u00f5es de bacharelado e licenciatura.<\/p>\n","protected":false},"excerpt":{"rendered":"<p>S\u00e3o ofertadas vagas para 44 cursos, com oportunidades nos per\u00edodos matutino, vespertino e noturno, nas habilita\u00e7\u00f5es de bacharelado e licenciatura.<\/p>\n","protected":false},"author":8,"featured_media":0,"comment_status":"open","ping_status":"open","sticky":false,"template":"","format":"standard","meta":{"_acf_changed":false,"_themeisle_gutenberg_block_has_review":false,"footnotes":""},"categories":[44],"tags":[],"class_list":["post-36623","post","type-post","status-publish","format-standard","hentry","category-sisu"],"acf":[],"_links":{"self":[{"href":"https:\/\/sites.uel.br\/prograd\/wp-json\/wp\/v2\/posts\/36623","targetHints":{"allow":["GET"]}}],"collection":[{"href":"https:\/\/sites.uel.br\/prograd\/wp-json\/wp\/v2\/posts"}],"about":[{"href":"https:\/\/sites.uel.br\/prograd\/wp-json\/wp\/v2\/types\/post"}],"author":[{"embeddable":true,"href":"https:\/\/sites.uel.br\/prograd\/wp-json\/wp\/v2\/users\/8"}],"replies":[{"embeddable":true,"href":"https:\/\/sites.uel.br\/prograd\/wp-json\/wp\/v2\/comments?post=36623"}],"version-history":[{"count":1,"href":"https:\/\/sites.uel.br\/prograd\/wp-json\/wp\/v2\/posts\/36623\/revisions"}],"predecessor-version":[{"id":36624,"href":"https:\/\/sites.uel.br\/prograd\/wp-json\/wp\/v2\/posts\/36623\/revisions\/36624"}],"wp:attachment":[{"href":"https:\/\/sites.uel.br\/prograd\/wp-json\/wp\/v2\/media?parent=36623"}],"wp:term":[{"taxonomy":"category","embeddable":true,"href":"https:\/\/sites.uel.br\/prograd\/wp-json\/wp\/v2\/categories?post=36623"},{"taxonomy":"post_tag","embeddable":true,"href":"https:\/\/sites.uel.br\/prograd\/wp-json\/wp\/v2\/tags?post=36623"}],"curies":[{"name":"wp","href":"https:\/\/api.w.org\/{rel}","templated":true}]}}