{"id":35866,"date":"2025-11-25T09:50:11","date_gmt":"2025-11-25T12:50:11","guid":{"rendered":"https:\/\/sites.uel.br\/prograd\/?p=35866"},"modified":"2025-11-25T09:52:56","modified_gmt":"2025-11-25T12:52:56","slug":"prorrogacao-renovacao-de-matricula-2026","status":"publish","type":"post","link":"https:\/\/sites.uel.br\/prograd\/renovacao-de-matricula\/2025\/11\/25\/prorrogacao-renovacao-de-matricula-2026\/","title":{"rendered":"Prorroga\u00e7\u00e3o &#8211; Renova\u00e7\u00e3o de Matr\u00edcula 2026"},"content":{"rendered":"\n<figure class=\"wp-block-image size-large\"><img loading=\"lazy\" decoding=\"async\" width=\"1024\" height=\"1024\" src=\"https:\/\/sites.uel.br\/prograd\/wp-content\/uploads\/2025\/10\/renovacao_matricula_2026_capa-1024x1024.png\" alt=\"\" class=\"wp-image-35665\" srcset=\"https:\/\/sites.uel.br\/prograd\/wp-content\/uploads\/2025\/10\/renovacao_matricula_2026_capa-1024x1024.png 1024w, https:\/\/sites.uel.br\/prograd\/wp-content\/uploads\/2025\/10\/renovacao_matricula_2026_capa-300x300.png 300w, https:\/\/sites.uel.br\/prograd\/wp-content\/uploads\/2025\/10\/renovacao_matricula_2026_capa-150x150.png 150w, https:\/\/sites.uel.br\/prograd\/wp-content\/uploads\/2025\/10\/renovacao_matricula_2026_capa-768x768.png 768w, https:\/\/sites.uel.br\/prograd\/wp-content\/uploads\/2025\/10\/renovacao_matricula_2026_capa.png 1080w\" sizes=\"auto, (max-width: 1024px) 100vw, 1024px\" \/><\/figure>\n\n\n\n<figure class=\"wp-block-image size-full\"><img loading=\"lazy\" decoding=\"async\" width=\"1655\" height=\"2340\" src=\"https:\/\/sites.uel.br\/prograd\/wp-content\/uploads\/2025\/11\/renovacao_matricula_2026_capa_prorrogacao.png\" alt=\"\" class=\"wp-image-35868\" srcset=\"https:\/\/sites.uel.br\/prograd\/wp-content\/uploads\/2025\/11\/renovacao_matricula_2026_capa_prorrogacao.png 1655w, https:\/\/sites.uel.br\/prograd\/wp-content\/uploads\/2025\/11\/renovacao_matricula_2026_capa_prorrogacao-212x300.png 212w, https:\/\/sites.uel.br\/prograd\/wp-content\/uploads\/2025\/11\/renovacao_matricula_2026_capa_prorrogacao-724x1024.png 724w, https:\/\/sites.uel.br\/prograd\/wp-content\/uploads\/2025\/11\/renovacao_matricula_2026_capa_prorrogacao-768x1086.png 768w, https:\/\/sites.uel.br\/prograd\/wp-content\/uploads\/2025\/11\/renovacao_matricula_2026_capa_prorrogacao-1086x1536.png 1086w, https:\/\/sites.uel.br\/prograd\/wp-content\/uploads\/2025\/11\/renovacao_matricula_2026_capa_prorrogacao-1448x2048.png 1448w\" sizes=\"auto, (max-width: 1655px) 100vw, 1655px\" \/><\/figure>\n\n\n\n<p>\ud83d\uddd3\ufe0f <strong>Per\u00edodo:<\/strong> prorrogado at\u00e9 16 de dezembro.<\/p>\n\n\n\n<p>\ud83d\udcbb Acesse o <strong>Portal do Estudante<\/strong> e fa\u00e7a a sua!<\/p>\n\n\n\n<p>\u00c9 r\u00e1pido, online e garante a sua vaga para 2026. N\u00e3o deixe para a \u00faltima hora!<\/p>\n\n\n\n<p>Acesse: <a href=\"https:\/\/sistemas.uel.br\/portaldoestudante\/index\" target=\"_blank\" rel=\"noreferrer noopener\">sistemas.uel.br\/portaldoestudante\/index<\/a><\/p>\n","protected":false},"excerpt":{"rendered":"<p>\ud83d\uddd3\ufe0f Per\u00edodo: prorrogado at\u00e9 16 de dezembro. \ud83d\udcbb Acesse o Portal do Estudante e fa\u00e7a a sua! \u00c9 r\u00e1pido, online e garante a sua vaga para 2026. N\u00e3o deixe para a \u00faltima hora! Acesse: sistemas.uel.br\/portaldoestudante\/index<\/p>\n","protected":false},"author":8,"featured_media":0,"comment_status":"open","ping_status":"open","sticky":false,"template":"","format":"standard","meta":{"_acf_changed":false,"_themeisle_gutenberg_block_has_review":false,"footnotes":""},"categories":[30],"tags":[],"class_list":["post-35866","post","type-post","status-publish","format-standard","hentry","category-renovacao-de-matricula"],"acf":[],"_links":{"self":[{"href":"https:\/\/sites.uel.br\/prograd\/wp-json\/wp\/v2\/posts\/35866","targetHints":{"allow":["GET"]}}],"collection":[{"href":"https:\/\/sites.uel.br\/prograd\/wp-json\/wp\/v2\/posts"}],"about":[{"href":"https:\/\/sites.uel.br\/prograd\/wp-json\/wp\/v2\/types\/post"}],"author":[{"embeddable":true,"href":"https:\/\/sites.uel.br\/prograd\/wp-json\/wp\/v2\/users\/8"}],"replies":[{"embeddable":true,"href":"https:\/\/sites.uel.br\/prograd\/wp-json\/wp\/v2\/comments?post=35866"}],"version-history":[{"count":2,"href":"https:\/\/sites.uel.br\/prograd\/wp-json\/wp\/v2\/posts\/35866\/revisions"}],"predecessor-version":[{"id":35870,"href":"https:\/\/sites.uel.br\/prograd\/wp-json\/wp\/v2\/posts\/35866\/revisions\/35870"}],"wp:attachment":[{"href":"https:\/\/sites.uel.br\/prograd\/wp-json\/wp\/v2\/media?parent=35866"}],"wp:term":[{"taxonomy":"category","embeddable":true,"href":"https:\/\/sites.uel.br\/prograd\/wp-json\/wp\/v2\/categories?post=35866"},{"taxonomy":"post_tag","embeddable":true,"href":"https:\/\/sites.uel.br\/prograd\/wp-json\/wp\/v2\/tags?post=35866"}],"curies":[{"name":"wp","href":"https:\/\/api.w.org\/{rel}","templated":true}]}}