{"id":35791,"date":"2025-11-10T11:32:00","date_gmt":"2025-11-10T14:32:00","guid":{"rendered":"https:\/\/sites.uel.br\/prograd\/?p=35791"},"modified":"2025-11-10T11:32:01","modified_gmt":"2025-11-10T14:32:01","slug":"quase-2-mil-pessoas-apresentarao-trabalhos-na-semana-de-eventos-integrados-da-uel","status":"publish","type":"post","link":"https:\/\/sites.uel.br\/prograd\/pro-ensino\/2025\/11\/10\/quase-2-mil-pessoas-apresentarao-trabalhos-na-semana-de-eventos-integrados-da-uel\/","title":{"rendered":"Quase 2 mil pessoas apresentar\u00e3o trabalhos na Semana de Eventos Integrados da UEL"},"content":{"rendered":"\n<figure class=\"wp-block-embed aligncenter is-type-wp-embed is-provider-o-perobal-uel wp-block-embed-o-perobal-uel\"><div class=\"wp-block-embed__wrapper\">\n<blockquote class=\"wp-embedded-content\" data-secret=\"lSkKr0IVu0\"><a href=\"https:\/\/operobal.uel.br\/eventos\/2025\/11\/10\/quase-2-mil-pessoas-apresentarao-trabalhos-na-semana-de-eventos-integrados-da-uel\/\">Quase 2 mil pessoas apresentar\u00e3o trabalhos na Semana de Eventos Integrados da UEL<\/a><\/blockquote><iframe loading=\"lazy\" class=\"wp-embedded-content\" sandbox=\"allow-scripts\" security=\"restricted\" style=\"position: absolute; visibility: hidden;\" title=\"&#8220;Quase 2 mil pessoas apresentar\u00e3o trabalhos na Semana de Eventos Integrados da UEL&#8221; &#8212; O Perobal - UEL\" src=\"https:\/\/operobal.uel.br\/eventos\/2025\/11\/10\/quase-2-mil-pessoas-apresentarao-trabalhos-na-semana-de-eventos-integrados-da-uel\/embed\/#?secret=QmUj1YUmo8#?secret=lSkKr0IVu0\" data-secret=\"lSkKr0IVu0\" width=\"500\" height=\"282\" frameborder=\"0\" marginwidth=\"0\" marginheight=\"0\" scrolling=\"no\"><\/iframe>\n<\/div><\/figure>\n\n\n\n<p>Entre os dias 10 e 14 de novembro, o trip\u00e9 \u201censino, pesquisa e extens\u00e3o\u201d demonstra sua abrang\u00eancia por meio de comunica\u00e7\u00f5es orais.<\/p>\n","protected":false},"excerpt":{"rendered":"<p>Entre os dias 10 e 14 de novembro, o trip\u00e9 \u201censino, pesquisa e extens\u00e3o\u201d demonstra sua abrang\u00eancia por meio de comunica\u00e7\u00f5es orais.<\/p>\n","protected":false},"author":8,"featured_media":0,"comment_status":"open","ping_status":"open","sticky":false,"template":"","format":"standard","meta":{"_acf_changed":false,"_themeisle_gutenberg_block_has_review":false,"footnotes":""},"categories":[114,28],"tags":[],"class_list":["post-35791","post","type-post","status-publish","format-standard","hentry","category-eventos-academicos-integrados","category-pro-ensino"],"acf":[],"_links":{"self":[{"href":"https:\/\/sites.uel.br\/prograd\/wp-json\/wp\/v2\/posts\/35791","targetHints":{"allow":["GET"]}}],"collection":[{"href":"https:\/\/sites.uel.br\/prograd\/wp-json\/wp\/v2\/posts"}],"about":[{"href":"https:\/\/sites.uel.br\/prograd\/wp-json\/wp\/v2\/types\/post"}],"author":[{"embeddable":true,"href":"https:\/\/sites.uel.br\/prograd\/wp-json\/wp\/v2\/users\/8"}],"replies":[{"embeddable":true,"href":"https:\/\/sites.uel.br\/prograd\/wp-json\/wp\/v2\/comments?post=35791"}],"version-history":[{"count":1,"href":"https:\/\/sites.uel.br\/prograd\/wp-json\/wp\/v2\/posts\/35791\/revisions"}],"predecessor-version":[{"id":35792,"href":"https:\/\/sites.uel.br\/prograd\/wp-json\/wp\/v2\/posts\/35791\/revisions\/35792"}],"wp:attachment":[{"href":"https:\/\/sites.uel.br\/prograd\/wp-json\/wp\/v2\/media?parent=35791"}],"wp:term":[{"taxonomy":"category","embeddable":true,"href":"https:\/\/sites.uel.br\/prograd\/wp-json\/wp\/v2\/categories?post=35791"},{"taxonomy":"post_tag","embeddable":true,"href":"https:\/\/sites.uel.br\/prograd\/wp-json\/wp\/v2\/tags?post=35791"}],"curies":[{"name":"wp","href":"https:\/\/api.w.org\/{rel}","templated":true}]}}