{"id":35764,"date":"2025-11-06T11:22:03","date_gmt":"2025-11-06T14:22:03","guid":{"rendered":"https:\/\/sites.uel.br\/prograd\/?p=35764"},"modified":"2025-11-06T11:26:02","modified_gmt":"2025-11-06T14:26:02","slug":"vii-pro-ensino-cronograma-de-apresentacao-dos-trabalhos","status":"publish","type":"post","link":"https:\/\/sites.uel.br\/prograd\/pro-ensino\/2025\/11\/06\/vii-pro-ensino-cronograma-de-apresentacao-dos-trabalhos\/","title":{"rendered":"[VII PR\u00d3-ENSINO] Cronograma de Apresenta\u00e7\u00e3o dos Trabalhos"},"content":{"rendered":"\n<figure class=\"wp-block-image size-full\"><img loading=\"lazy\" decoding=\"async\" width=\"1080\" height=\"1080\" src=\"https:\/\/sites.uel.br\/prograd\/wp-content\/uploads\/2024\/11\/cronograma_apresentacao_trabalhos.jpg\" alt=\"\" class=\"wp-image-33047\" srcset=\"https:\/\/sites.uel.br\/prograd\/wp-content\/uploads\/2024\/11\/cronograma_apresentacao_trabalhos.jpg 1080w, https:\/\/sites.uel.br\/prograd\/wp-content\/uploads\/2024\/11\/cronograma_apresentacao_trabalhos-300x300.jpg 300w, https:\/\/sites.uel.br\/prograd\/wp-content\/uploads\/2024\/11\/cronograma_apresentacao_trabalhos-1024x1024.jpg 1024w, https:\/\/sites.uel.br\/prograd\/wp-content\/uploads\/2024\/11\/cronograma_apresentacao_trabalhos-150x150.jpg 150w, https:\/\/sites.uel.br\/prograd\/wp-content\/uploads\/2024\/11\/cronograma_apresentacao_trabalhos-768x768.jpg 768w\" sizes=\"auto, (max-width: 1080px) 100vw, 1080px\" \/><\/figure>\n\n\n\n<p><strong>Prezados (as) Participantes.<\/strong><\/p>\n\n\n\n<p>Comunicamos o Cronograma de Apresenta\u00e7\u00e3o dos Trabalhos do\u00a0<strong>VII PR\u00d3-ENSINO &#8211; MOSTRA ANUAL DE ATIVIDADES DE ENSINO DA UEL<\/strong>, a realizar-se no dia 13 de novembro de 2025, no CESA\/UEL.<br><br>Acesse:\u00a0<a href=\"https:\/\/sites.uel.br\/proensino\/apresentacao-dos-trabalhos\/\" target=\"_blank\" rel=\"noreferrer noopener\">https:\/\/sites.uel.br\/proensino\/apresentacao-dos-trabalhos\/<\/a><\/p>\n\n\n\n<p><strong>Comiss\u00e3o Organizadora<\/strong><br><strong>Pr\u00f3-Ensino<\/strong><br><strong>PROGRAD\/UEL<\/strong><\/p>\n","protected":false},"excerpt":{"rendered":"<p>Prezados (as) Participantes. Comunicamos o Cronograma de Apresenta\u00e7\u00e3o dos Trabalhos do\u00a0VII PR\u00d3-ENSINO &#8211; MOSTRA ANUAL DE ATIVIDADES DE ENSINO DA UEL, a realizar-se no dia 13 de novembro de 2025, no CESA\/UEL. Acesse:\u00a0https:\/\/sites.uel.br\/proensino\/apresentacao-dos-trabalhos\/ Comiss\u00e3o OrganizadoraPr\u00f3-EnsinoPROGRAD\/UEL<\/p>\n","protected":false},"author":8,"featured_media":0,"comment_status":"open","ping_status":"open","sticky":false,"template":"","format":"standard","meta":{"_acf_changed":false,"_themeisle_gutenberg_block_has_review":false,"footnotes":""},"categories":[28],"tags":[],"class_list":["post-35764","post","type-post","status-publish","format-standard","hentry","category-pro-ensino"],"acf":[],"_links":{"self":[{"href":"https:\/\/sites.uel.br\/prograd\/wp-json\/wp\/v2\/posts\/35764","targetHints":{"allow":["GET"]}}],"collection":[{"href":"https:\/\/sites.uel.br\/prograd\/wp-json\/wp\/v2\/posts"}],"about":[{"href":"https:\/\/sites.uel.br\/prograd\/wp-json\/wp\/v2\/types\/post"}],"author":[{"embeddable":true,"href":"https:\/\/sites.uel.br\/prograd\/wp-json\/wp\/v2\/users\/8"}],"replies":[{"embeddable":true,"href":"https:\/\/sites.uel.br\/prograd\/wp-json\/wp\/v2\/comments?post=35764"}],"version-history":[{"count":3,"href":"https:\/\/sites.uel.br\/prograd\/wp-json\/wp\/v2\/posts\/35764\/revisions"}],"predecessor-version":[{"id":35767,"href":"https:\/\/sites.uel.br\/prograd\/wp-json\/wp\/v2\/posts\/35764\/revisions\/35767"}],"wp:attachment":[{"href":"https:\/\/sites.uel.br\/prograd\/wp-json\/wp\/v2\/media?parent=35764"}],"wp:term":[{"taxonomy":"category","embeddable":true,"href":"https:\/\/sites.uel.br\/prograd\/wp-json\/wp\/v2\/categories?post=35764"},{"taxonomy":"post_tag","embeddable":true,"href":"https:\/\/sites.uel.br\/prograd\/wp-json\/wp\/v2\/tags?post=35764"}],"curies":[{"name":"wp","href":"https:\/\/api.w.org\/{rel}","templated":true}]}}