{"id":35747,"date":"2025-10-31T13:52:03","date_gmt":"2025-10-31T16:52:03","guid":{"rendered":"https:\/\/sites.uel.br\/prograd\/?p=35747"},"modified":"2025-10-31T14:50:32","modified_gmt":"2025-10-31T17:50:32","slug":"vii-pro-ensino-relacao-de-trabalhos-aceitos-e-nao-aceitos","status":"publish","type":"post","link":"https:\/\/sites.uel.br\/prograd\/pro-ensino\/2025\/10\/31\/vii-pro-ensino-relacao-de-trabalhos-aceitos-e-nao-aceitos\/","title":{"rendered":"[VII PR\u00d3-ENSINO] Rela\u00e7\u00e3o de Trabalhos Aceitos"},"content":{"rendered":"<div class=\"wp-block-image\">\n<figure class=\"aligncenter size-full\"><img loading=\"lazy\" decoding=\"async\" width=\"1080\" height=\"1080\" src=\"https:\/\/sites.uel.br\/prograd\/wp-content\/uploads\/2025\/10\/relacao_trabalhos_aceitos_pro_ensino-1.jpg\" alt=\"\" class=\"wp-image-35758\" srcset=\"https:\/\/sites.uel.br\/prograd\/wp-content\/uploads\/2025\/10\/relacao_trabalhos_aceitos_pro_ensino-1.jpg 1080w, https:\/\/sites.uel.br\/prograd\/wp-content\/uploads\/2025\/10\/relacao_trabalhos_aceitos_pro_ensino-1-300x300.jpg 300w, https:\/\/sites.uel.br\/prograd\/wp-content\/uploads\/2025\/10\/relacao_trabalhos_aceitos_pro_ensino-1-1024x1024.jpg 1024w, https:\/\/sites.uel.br\/prograd\/wp-content\/uploads\/2025\/10\/relacao_trabalhos_aceitos_pro_ensino-1-150x150.jpg 150w, https:\/\/sites.uel.br\/prograd\/wp-content\/uploads\/2025\/10\/relacao_trabalhos_aceitos_pro_ensino-1-768x768.jpg 768w\" sizes=\"auto, (max-width: 1080px) 100vw, 1080px\" \/><\/figure>\n<\/div>\n\n\n<p><strong>Prezados (as) Participantes.<\/strong><\/p>\n\n\n\n<p>Comunicamos que foi publicada a&nbsp;<strong>rela\u00e7\u00e3o de Trabalhos Aceitos<\/strong>, referente ao&nbsp;<strong>VII PR\u00d3-ENSINO &#8211; MOSTRA ANUAL DE ATIVIDADES DE ENSINO DA UEL<\/strong>.<\/p>\n\n\n\n<p>Acesse:&nbsp;<a href=\"https:\/\/sites.uel.br\/proensino\/apresentacao-dos-trabalhos\/\" target=\"_blank\" rel=\"noreferrer noopener\">https:\/\/sites.uel.br\/proensino\/apresentacao-dos-trabalhos\/<\/a><\/p>\n\n\n\n<p>Obs: o Ensalamento e o Cronograma das Apresenta\u00e7\u00f5es est\u00e3o previstos para serem publicados no dia 05\/11\/2025 (quarta-feira) \u00e0s 14h pelo site&nbsp;<a href=\"https:\/\/sites.uel.br\/proensino\/\" target=\"_blank\" rel=\"noreferrer noopener\">https:\/\/sites.uel.br\/proensino\/<\/a><\/p>\n\n\n\n<p><strong>Comiss\u00e3o Organizadora<\/strong><br><strong>Pr\u00f3-Ensino<\/strong><br><strong>PROGRAD\/UEL<\/strong><\/p>\n","protected":false},"excerpt":{"rendered":"<p>Prezados (as) Participantes. Comunicamos que foi publicada a&nbsp;rela\u00e7\u00e3o de Trabalhos Aceitos, referente ao&nbsp;VII PR\u00d3-ENSINO &#8211; MOSTRA ANUAL DE ATIVIDADES DE ENSINO DA UEL. Acesse:&nbsp;https:\/\/sites.uel.br\/proensino\/apresentacao-dos-trabalhos\/ Obs: o Ensalamento e o Cronograma das Apresenta\u00e7\u00f5es est\u00e3o previstos para serem publicados no dia 05\/11\/2025 (quarta-feira) \u00e0s 14h pelo site&nbsp;https:\/\/sites.uel.br\/proensino\/ Comiss\u00e3o OrganizadoraPr\u00f3-EnsinoPROGRAD\/UEL<\/p>\n","protected":false},"author":8,"featured_media":0,"comment_status":"open","ping_status":"open","sticky":false,"template":"","format":"standard","meta":{"_acf_changed":false,"_themeisle_gutenberg_block_has_review":false,"footnotes":""},"categories":[28],"tags":[],"class_list":["post-35747","post","type-post","status-publish","format-standard","hentry","category-pro-ensino"],"acf":[],"_links":{"self":[{"href":"https:\/\/sites.uel.br\/prograd\/wp-json\/wp\/v2\/posts\/35747","targetHints":{"allow":["GET"]}}],"collection":[{"href":"https:\/\/sites.uel.br\/prograd\/wp-json\/wp\/v2\/posts"}],"about":[{"href":"https:\/\/sites.uel.br\/prograd\/wp-json\/wp\/v2\/types\/post"}],"author":[{"embeddable":true,"href":"https:\/\/sites.uel.br\/prograd\/wp-json\/wp\/v2\/users\/8"}],"replies":[{"embeddable":true,"href":"https:\/\/sites.uel.br\/prograd\/wp-json\/wp\/v2\/comments?post=35747"}],"version-history":[{"count":6,"href":"https:\/\/sites.uel.br\/prograd\/wp-json\/wp\/v2\/posts\/35747\/revisions"}],"predecessor-version":[{"id":35759,"href":"https:\/\/sites.uel.br\/prograd\/wp-json\/wp\/v2\/posts\/35747\/revisions\/35759"}],"wp:attachment":[{"href":"https:\/\/sites.uel.br\/prograd\/wp-json\/wp\/v2\/media?parent=35747"}],"wp:term":[{"taxonomy":"category","embeddable":true,"href":"https:\/\/sites.uel.br\/prograd\/wp-json\/wp\/v2\/categories?post=35747"},{"taxonomy":"post_tag","embeddable":true,"href":"https:\/\/sites.uel.br\/prograd\/wp-json\/wp\/v2\/tags?post=35747"}],"curies":[{"name":"wp","href":"https:\/\/api.w.org\/{rel}","templated":true}]}}