{"id":35741,"date":"2025-10-29T13:50:35","date_gmt":"2025-10-29T16:50:35","guid":{"rendered":"https:\/\/sites.uel.br\/prograd\/?p=35741"},"modified":"2025-10-29T13:51:12","modified_gmt":"2025-10-29T16:51:12","slug":"a-renovacao-de-matricula-2026-ja-comecou","status":"publish","type":"post","link":"https:\/\/sites.uel.br\/prograd\/renovacao-de-matricula\/2025\/10\/29\/a-renovacao-de-matricula-2026-ja-comecou\/","title":{"rendered":"A Renova\u00e7\u00e3o de Matr\u00edcula 2026 j\u00e1 come\u00e7ou!"},"content":{"rendered":"<div class=\"wp-block-image\">\n<figure class=\"aligncenter size-large\"><img loading=\"lazy\" decoding=\"async\" width=\"1024\" height=\"1024\" src=\"https:\/\/sites.uel.br\/prograd\/wp-content\/uploads\/2025\/10\/renovacao_matricula_2026_capa-1024x1024.png\" alt=\"\" class=\"wp-image-35665\" srcset=\"https:\/\/sites.uel.br\/prograd\/wp-content\/uploads\/2025\/10\/renovacao_matricula_2026_capa-1024x1024.png 1024w, https:\/\/sites.uel.br\/prograd\/wp-content\/uploads\/2025\/10\/renovacao_matricula_2026_capa-300x300.png 300w, https:\/\/sites.uel.br\/prograd\/wp-content\/uploads\/2025\/10\/renovacao_matricula_2026_capa-150x150.png 150w, https:\/\/sites.uel.br\/prograd\/wp-content\/uploads\/2025\/10\/renovacao_matricula_2026_capa-768x768.png 768w, https:\/\/sites.uel.br\/prograd\/wp-content\/uploads\/2025\/10\/renovacao_matricula_2026_capa.png 1080w\" sizes=\"auto, (max-width: 1024px) 100vw, 1024px\" \/><\/figure>\n<\/div>\n\n\n<p>\ud83d\uddd3\ufe0f <strong>Per\u00edodo:<\/strong> de 27 de outubro a 28 de novembro.<\/p>\n\n\n\n<p>\ud83d\udcbb Acesse o <strong>Portal do Estudante<\/strong> e fa\u00e7a a sua!<\/p>\n\n\n\n<p>\u00c9 r\u00e1pido, online e garante a sua vaga para 2026. N\u00e3o deixe para a \u00faltima hora!<\/p>\n\n\n\n<p>Acesse: <a href=\"https:\/\/sistemas.uel.br\/portaldoestudante\/index\" target=\"_blank\" rel=\"noreferrer noopener\">sistemas.uel.br\/portaldoestudante\/index<\/a><\/p>\n","protected":false},"excerpt":{"rendered":"<p>\ud83d\uddd3\ufe0f Per\u00edodo: de 27 de outubro a 28 de novembro. \ud83d\udcbb Acesse o Portal do Estudante e fa\u00e7a a sua! \u00c9 r\u00e1pido, online e garante a sua vaga para 2026. N\u00e3o deixe para a \u00faltima hora! Acesse: sistemas.uel.br\/portaldoestudante\/index<\/p>\n","protected":false},"author":8,"featured_media":0,"comment_status":"open","ping_status":"open","sticky":false,"template":"","format":"standard","meta":{"_acf_changed":false,"_themeisle_gutenberg_block_has_review":false,"footnotes":""},"categories":[30],"tags":[],"class_list":["post-35741","post","type-post","status-publish","format-standard","hentry","category-renovacao-de-matricula"],"acf":[],"_links":{"self":[{"href":"https:\/\/sites.uel.br\/prograd\/wp-json\/wp\/v2\/posts\/35741","targetHints":{"allow":["GET"]}}],"collection":[{"href":"https:\/\/sites.uel.br\/prograd\/wp-json\/wp\/v2\/posts"}],"about":[{"href":"https:\/\/sites.uel.br\/prograd\/wp-json\/wp\/v2\/types\/post"}],"author":[{"embeddable":true,"href":"https:\/\/sites.uel.br\/prograd\/wp-json\/wp\/v2\/users\/8"}],"replies":[{"embeddable":true,"href":"https:\/\/sites.uel.br\/prograd\/wp-json\/wp\/v2\/comments?post=35741"}],"version-history":[{"count":3,"href":"https:\/\/sites.uel.br\/prograd\/wp-json\/wp\/v2\/posts\/35741\/revisions"}],"predecessor-version":[{"id":35795,"href":"https:\/\/sites.uel.br\/prograd\/wp-json\/wp\/v2\/posts\/35741\/revisions\/35795"}],"wp:attachment":[{"href":"https:\/\/sites.uel.br\/prograd\/wp-json\/wp\/v2\/media?parent=35741"}],"wp:term":[{"taxonomy":"category","embeddable":true,"href":"https:\/\/sites.uel.br\/prograd\/wp-json\/wp\/v2\/categories?post=35741"},{"taxonomy":"post_tag","embeddable":true,"href":"https:\/\/sites.uel.br\/prograd\/wp-json\/wp\/v2\/tags?post=35741"}],"curies":[{"name":"wp","href":"https:\/\/api.w.org\/{rel}","templated":true}]}}