{"id":35659,"date":"2025-10-23T15:11:24","date_gmt":"2025-10-23T18:11:24","guid":{"rendered":"https:\/\/sites.uel.br\/prograd\/?p=35659"},"modified":"2025-10-24T12:51:12","modified_gmt":"2025-10-24T15:51:12","slug":"renovacao-de-matricula-ano-letivo-2026","status":"publish","type":"post","link":"https:\/\/sites.uel.br\/prograd\/renovacao-de-matricula\/2025\/10\/23\/renovacao-de-matricula-ano-letivo-2026\/","title":{"rendered":"Renova\u00e7\u00e3o de Matr\u00edcula &#8211; Ano Letivo &#8211; 2026"},"content":{"rendered":"<div class=\"wp-block-image\">\n<figure class=\"aligncenter size-full\"><a href=\"https:\/\/sistemas.uel.br\/portaldoestudante\/index\" target=\"_blank\" rel=\" noreferrer noopener\"><img loading=\"lazy\" decoding=\"async\" width=\"1080\" height=\"1080\" src=\"https:\/\/sites.uel.br\/prograd\/wp-content\/uploads\/2025\/10\/renovacao_matricula_2026_capa.png\" alt=\"\" class=\"wp-image-35665\" srcset=\"https:\/\/sites.uel.br\/prograd\/wp-content\/uploads\/2025\/10\/renovacao_matricula_2026_capa.png 1080w, https:\/\/sites.uel.br\/prograd\/wp-content\/uploads\/2025\/10\/renovacao_matricula_2026_capa-300x300.png 300w, https:\/\/sites.uel.br\/prograd\/wp-content\/uploads\/2025\/10\/renovacao_matricula_2026_capa-1024x1024.png 1024w, https:\/\/sites.uel.br\/prograd\/wp-content\/uploads\/2025\/10\/renovacao_matricula_2026_capa-150x150.png 150w, https:\/\/sites.uel.br\/prograd\/wp-content\/uploads\/2025\/10\/renovacao_matricula_2026_capa-768x768.png 768w\" sizes=\"auto, (max-width: 1080px) 100vw, 1080px\" \/><\/a><\/figure>\n<\/div>\n\n\n<figure class=\"wp-block-image size-full\"><a href=\"https:\/\/sistemas.uel.br\/portaldoestudante\/index\" target=\"_blank\" rel=\" noreferrer noopener\"><img loading=\"lazy\" decoding=\"async\" width=\"1414\" height=\"2000\" src=\"https:\/\/sites.uel.br\/prograd\/wp-content\/uploads\/2025\/10\/renovacao_matricula_2026.jpg\" alt=\"\" class=\"wp-image-35660\" srcset=\"https:\/\/sites.uel.br\/prograd\/wp-content\/uploads\/2025\/10\/renovacao_matricula_2026.jpg 1414w, https:\/\/sites.uel.br\/prograd\/wp-content\/uploads\/2025\/10\/renovacao_matricula_2026-212x300.jpg 212w, https:\/\/sites.uel.br\/prograd\/wp-content\/uploads\/2025\/10\/renovacao_matricula_2026-724x1024.jpg 724w, https:\/\/sites.uel.br\/prograd\/wp-content\/uploads\/2025\/10\/renovacao_matricula_2026-768x1086.jpg 768w, https:\/\/sites.uel.br\/prograd\/wp-content\/uploads\/2025\/10\/renovacao_matricula_2026-1086x1536.jpg 1086w\" sizes=\"auto, (max-width: 1414px) 100vw, 1414px\" \/><\/a><\/figure>\n\n\n\n<p>Prazo: 27\/10 a 28\/11\/2025<br>Local: Portal do Estudante de Gradua\u00e7\u00e3o <br>(Categoria &#8220;Servi\u00e7os&#8221;, op\u00e7\u00e3o &#8220;Renova\u00e7\u00e3o de Matr\u00edcula&#8221;)<br>(<a href=\"https:\/\/sistemas.uel.br\/portaldoestudante\/index\" target=\"_blank\" rel=\"noreferrer noopener\">sistemas.uel.br\/portaldoestudante\/index<\/a>)<\/p>\n","protected":false},"excerpt":{"rendered":"<p>Prazo: 27\/10 a 28\/11\/2025Local: Portal do Estudante de Gradua\u00e7\u00e3o (Categoria &#8220;Servi\u00e7os&#8221;, op\u00e7\u00e3o &#8220;Renova\u00e7\u00e3o de Matr\u00edcula&#8221;)(sistemas.uel.br\/portaldoestudante\/index)<\/p>\n","protected":false},"author":8,"featured_media":0,"comment_status":"open","ping_status":"open","sticky":false,"template":"","format":"standard","meta":{"_acf_changed":false,"_themeisle_gutenberg_block_has_review":false,"footnotes":""},"categories":[30],"tags":[],"class_list":["post-35659","post","type-post","status-publish","format-standard","hentry","category-renovacao-de-matricula"],"acf":[],"_links":{"self":[{"href":"https:\/\/sites.uel.br\/prograd\/wp-json\/wp\/v2\/posts\/35659","targetHints":{"allow":["GET"]}}],"collection":[{"href":"https:\/\/sites.uel.br\/prograd\/wp-json\/wp\/v2\/posts"}],"about":[{"href":"https:\/\/sites.uel.br\/prograd\/wp-json\/wp\/v2\/types\/post"}],"author":[{"embeddable":true,"href":"https:\/\/sites.uel.br\/prograd\/wp-json\/wp\/v2\/users\/8"}],"replies":[{"embeddable":true,"href":"https:\/\/sites.uel.br\/prograd\/wp-json\/wp\/v2\/comments?post=35659"}],"version-history":[{"count":6,"href":"https:\/\/sites.uel.br\/prograd\/wp-json\/wp\/v2\/posts\/35659\/revisions"}],"predecessor-version":[{"id":35667,"href":"https:\/\/sites.uel.br\/prograd\/wp-json\/wp\/v2\/posts\/35659\/revisions\/35667"}],"wp:attachment":[{"href":"https:\/\/sites.uel.br\/prograd\/wp-json\/wp\/v2\/media?parent=35659"}],"wp:term":[{"taxonomy":"category","embeddable":true,"href":"https:\/\/sites.uel.br\/prograd\/wp-json\/wp\/v2\/categories?post=35659"},{"taxonomy":"post_tag","embeddable":true,"href":"https:\/\/sites.uel.br\/prograd\/wp-json\/wp\/v2\/tags?post=35659"}],"curies":[{"name":"wp","href":"https:\/\/api.w.org\/{rel}","templated":true}]}}