{"id":35623,"date":"2025-10-06T17:03:06","date_gmt":"2025-10-06T20:03:06","guid":{"rendered":"https:\/\/sites.uel.br\/prograd\/?p=35623"},"modified":"2025-10-06T23:39:19","modified_gmt":"2025-10-07T02:39:19","slug":"resultado-final-do-processo-de-selecao-para-o-pibid-6","status":"publish","type":"post","link":"https:\/\/sites.uel.br\/prograd\/programa-institucional-de-bolsa-de-iniciacao-a-docencia-pibid\/2025\/10\/06\/resultado-final-do-processo-de-selecao-para-o-pibid-6\/","title":{"rendered":"Resultado final do processo de sele\u00e7\u00e3o para o Pibid"},"content":{"rendered":"<div class=\"wp-block-image\">\n<figure class=\"aligncenter size-full\"><img loading=\"lazy\" decoding=\"async\" width=\"517\" height=\"208\" src=\"https:\/\/sites.uel.br\/prograd\/wp-content\/uploads\/2024\/09\/logo_pibid.jpg\" alt=\"\" class=\"wp-image-32671\" srcset=\"https:\/\/sites.uel.br\/prograd\/wp-content\/uploads\/2024\/09\/logo_pibid.jpg 517w, https:\/\/sites.uel.br\/prograd\/wp-content\/uploads\/2024\/09\/logo_pibid-300x121.jpg 300w\" sizes=\"auto, (max-width: 517px) 100vw, 517px\" \/><\/figure>\n<\/div>\n\n\n<div style=\"height:20px\" aria-hidden=\"true\" class=\"wp-block-spacer\"><\/div>\n\n\n\n<p>Torna p\u00fablico o resultado final do processo de sele\u00e7\u00e3o de estudantes para atuar como bolsista de inicia\u00e7\u00e3o \u00e0 doc\u00eancia em \u00e1rea espec\u00edfica e para regime de dedica\u00e7\u00e3o, aberto pelo Edital PROGRAD n\u00ba 114\/2025 e visando a forma\u00e7\u00e3o de Cadastro de Reserva para o PIBID UEL<\/p>\n\n\n\n<p><strong>Mais informa\u00e7\u00f5es<\/strong> (Edital Prograd 117\/2025):\u00a0<a href=\"https:\/\/sites.uel.br\/prograd\/wp-content\/uploads\/documentos\/editais\/2025\/prograd\/edital_117_2025.pdf\" target=\"_blank\" rel=\"noreferrer noopener\">acesse aqui<\/a>.<\/p>\n\n\n\n<p><\/p>\n","protected":false},"excerpt":{"rendered":"<p>Torna p\u00fablico o resultado final do processo de sele\u00e7\u00e3o de estudantes para atuar como bolsista de inicia\u00e7\u00e3o \u00e0 doc\u00eancia em \u00e1rea espec\u00edfica e para regime de dedica\u00e7\u00e3o, aberto pelo Edital PROGRAD n\u00ba 114\/2025 e visando a forma\u00e7\u00e3o de Cadastro de Reserva para o PIBID UEL Mais informa\u00e7\u00f5es (Edital Prograd 117\/2025):\u00a0acesse aqui.<\/p>\n","protected":false},"author":8,"featured_media":0,"comment_status":"open","ping_status":"open","sticky":false,"template":"","format":"standard","meta":{"_acf_changed":false,"_themeisle_gutenberg_block_has_review":false,"footnotes":""},"categories":[7],"tags":[],"class_list":["post-35623","post","type-post","status-publish","format-standard","hentry","category-programa-institucional-de-bolsa-de-iniciacao-a-docencia-pibid"],"acf":[],"_links":{"self":[{"href":"https:\/\/sites.uel.br\/prograd\/wp-json\/wp\/v2\/posts\/35623","targetHints":{"allow":["GET"]}}],"collection":[{"href":"https:\/\/sites.uel.br\/prograd\/wp-json\/wp\/v2\/posts"}],"about":[{"href":"https:\/\/sites.uel.br\/prograd\/wp-json\/wp\/v2\/types\/post"}],"author":[{"embeddable":true,"href":"https:\/\/sites.uel.br\/prograd\/wp-json\/wp\/v2\/users\/8"}],"replies":[{"embeddable":true,"href":"https:\/\/sites.uel.br\/prograd\/wp-json\/wp\/v2\/comments?post=35623"}],"version-history":[{"count":3,"href":"https:\/\/sites.uel.br\/prograd\/wp-json\/wp\/v2\/posts\/35623\/revisions"}],"predecessor-version":[{"id":35626,"href":"https:\/\/sites.uel.br\/prograd\/wp-json\/wp\/v2\/posts\/35623\/revisions\/35626"}],"wp:attachment":[{"href":"https:\/\/sites.uel.br\/prograd\/wp-json\/wp\/v2\/media?parent=35623"}],"wp:term":[{"taxonomy":"category","embeddable":true,"href":"https:\/\/sites.uel.br\/prograd\/wp-json\/wp\/v2\/categories?post=35623"},{"taxonomy":"post_tag","embeddable":true,"href":"https:\/\/sites.uel.br\/prograd\/wp-json\/wp\/v2\/tags?post=35623"}],"curies":[{"name":"wp","href":"https:\/\/api.w.org\/{rel}","templated":true}]}}