{"id":35557,"date":"2025-09-17T15:28:03","date_gmt":"2025-09-17T18:28:03","guid":{"rendered":"https:\/\/sites.uel.br\/prograd\/?p=35557"},"modified":"2025-09-17T15:28:05","modified_gmt":"2025-09-17T18:28:05","slug":"oportunidades-para-o-pibid-estudantes-de-licenciatura-em-artes-visuais-fisica-e-geografia","status":"publish","type":"post","link":"https:\/\/sites.uel.br\/prograd\/programa-institucional-de-bolsa-de-iniciacao-a-docencia-pibid\/2025\/09\/17\/oportunidades-para-o-pibid-estudantes-de-licenciatura-em-artes-visuais-fisica-e-geografia\/","title":{"rendered":"Oportunidades para o Pibid (estudantes de Licenciatura em Artes Visuais, F\u00edsica e Geografia)"},"content":{"rendered":"<div class=\"wp-block-image\">\n<figure class=\"aligncenter size-full\"><img loading=\"lazy\" decoding=\"async\" width=\"517\" height=\"208\" src=\"https:\/\/sites.uel.br\/prograd\/wp-content\/uploads\/2024\/09\/logo_pibid.jpg\" alt=\"\" class=\"wp-image-32671\" srcset=\"https:\/\/sites.uel.br\/prograd\/wp-content\/uploads\/2024\/09\/logo_pibid.jpg 517w, https:\/\/sites.uel.br\/prograd\/wp-content\/uploads\/2024\/09\/logo_pibid-300x121.jpg 300w\" sizes=\"auto, (max-width: 517px) 100vw, 517px\" \/><\/figure>\n<\/div>\n\n\n<div style=\"height:20px\" aria-hidden=\"true\" class=\"wp-block-spacer\"><\/div>\n\n\n\n<p>Torna p\u00fablico a abertura de inscri\u00e7\u00e3o para estudantes de cursos presenciais de licenciatura da UEL, visando a forma\u00e7\u00e3o de CADASTRO DE RESERVA para o Programa Institucional de Bolsa de Inicia\u00e7\u00e3o \u00e0 Doc\u00eancia &#8211; PIBID, para atuar como bolsista de inicia\u00e7\u00e3o \u00e0 doc\u00eancia em \u00e1rea espec\u00edfica e para regime de dedica\u00e7\u00e3o<\/p>\n\n\n\n<p><strong>Inscri\u00e7\u00f5es de<\/strong>: 18\/09\/2025 a 24\/09\/2025<\/p>\n\n\n\n<p><strong>Mais informa\u00e7\u00f5es (Edital Prograd 114\/2025)<\/strong>:\u00a0<a href=\"https:\/\/sites.uel.br\/prograd\/wp-content\/uploads\/documentos\/editais\/2025\/prograd\/edital_114_25.pdf\" target=\"_blank\" rel=\"noreferrer noopener\">acesse aqui<\/a>.<\/p>\n\n\n\n<p><strong>Anexo I (Edital Prograd 114\/2025):<\/strong> <a href=\"https:\/\/sites.uel.br\/prograd\/wp-content\/uploads\/documentos\/editais\/2025\/prograd\/edital_114_25_anexo_i.doc\" target=\"_blank\" rel=\"noreferrer noopener\">acesse aqui<\/a>.<\/p>\n\n\n\n<p><\/p>\n","protected":false},"excerpt":{"rendered":"<p>Torna p\u00fablico a abertura de inscri\u00e7\u00e3o para estudantes de cursos presenciais de licenciatura da UEL, visando a forma\u00e7\u00e3o de CADASTRO DE RESERVA para o Programa Institucional de Bolsa de Inicia\u00e7\u00e3o \u00e0 Doc\u00eancia &#8211; PIBID, para atuar como bolsista de inicia\u00e7\u00e3o \u00e0 doc\u00eancia em \u00e1rea espec\u00edfica e para regime de dedica\u00e7\u00e3o Inscri\u00e7\u00f5es de: 18\/09\/2025 a 24\/09\/2025 [&hellip;]<\/p>\n","protected":false},"author":8,"featured_media":0,"comment_status":"open","ping_status":"open","sticky":false,"template":"","format":"standard","meta":{"_acf_changed":false,"_themeisle_gutenberg_block_has_review":false,"footnotes":""},"categories":[7],"tags":[],"class_list":["post-35557","post","type-post","status-publish","format-standard","hentry","category-programa-institucional-de-bolsa-de-iniciacao-a-docencia-pibid"],"acf":[],"_links":{"self":[{"href":"https:\/\/sites.uel.br\/prograd\/wp-json\/wp\/v2\/posts\/35557","targetHints":{"allow":["GET"]}}],"collection":[{"href":"https:\/\/sites.uel.br\/prograd\/wp-json\/wp\/v2\/posts"}],"about":[{"href":"https:\/\/sites.uel.br\/prograd\/wp-json\/wp\/v2\/types\/post"}],"author":[{"embeddable":true,"href":"https:\/\/sites.uel.br\/prograd\/wp-json\/wp\/v2\/users\/8"}],"replies":[{"embeddable":true,"href":"https:\/\/sites.uel.br\/prograd\/wp-json\/wp\/v2\/comments?post=35557"}],"version-history":[{"count":2,"href":"https:\/\/sites.uel.br\/prograd\/wp-json\/wp\/v2\/posts\/35557\/revisions"}],"predecessor-version":[{"id":36665,"href":"https:\/\/sites.uel.br\/prograd\/wp-json\/wp\/v2\/posts\/35557\/revisions\/36665"}],"wp:attachment":[{"href":"https:\/\/sites.uel.br\/prograd\/wp-json\/wp\/v2\/media?parent=35557"}],"wp:term":[{"taxonomy":"category","embeddable":true,"href":"https:\/\/sites.uel.br\/prograd\/wp-json\/wp\/v2\/categories?post=35557"},{"taxonomy":"post_tag","embeddable":true,"href":"https:\/\/sites.uel.br\/prograd\/wp-json\/wp\/v2\/tags?post=35557"}],"curies":[{"name":"wp","href":"https:\/\/api.w.org\/{rel}","templated":true}]}}