{"id":34481,"date":"2025-06-10T10:11:39","date_gmt":"2025-06-10T13:11:39","guid":{"rendered":"https:\/\/sites.uel.br\/prograd\/?p=34481"},"modified":"2025-06-10T16:46:16","modified_gmt":"2025-06-10T19:46:16","slug":"renovacao-de-matricula-ano-letivo-2025-2o-semestre","status":"publish","type":"post","link":"https:\/\/sites.uel.br\/prograd\/renovacao-de-matricula\/2025\/06\/10\/renovacao-de-matricula-ano-letivo-2025-2o-semestre\/","title":{"rendered":"Renova\u00e7\u00e3o de Matr\u00edcula &#8211; Ano Letivo &#8211; 2025 &#8211; 2\u00ba Semestre"},"content":{"rendered":"<div class=\"wp-block-image\">\n<figure class=\"aligncenter size-full\"><a href=\"http:\/\/www.uel.br\/portaldoestudante\" target=\"_blank\" rel=\" noreferrer noopener\"><img loading=\"lazy\" decoding=\"async\" width=\"1414\" height=\"2000\" src=\"https:\/\/sites.uel.br\/prograd\/wp-content\/uploads\/2025\/06\/cartaz_renovacao_matricula_2025_2_site.png\" alt=\"\" class=\"wp-image-34499\" srcset=\"https:\/\/sites.uel.br\/prograd\/wp-content\/uploads\/2025\/06\/cartaz_renovacao_matricula_2025_2_site.png 1414w, https:\/\/sites.uel.br\/prograd\/wp-content\/uploads\/2025\/06\/cartaz_renovacao_matricula_2025_2_site-212x300.png 212w, https:\/\/sites.uel.br\/prograd\/wp-content\/uploads\/2025\/06\/cartaz_renovacao_matricula_2025_2_site-724x1024.png 724w, https:\/\/sites.uel.br\/prograd\/wp-content\/uploads\/2025\/06\/cartaz_renovacao_matricula_2025_2_site-768x1086.png 768w, https:\/\/sites.uel.br\/prograd\/wp-content\/uploads\/2025\/06\/cartaz_renovacao_matricula_2025_2_site-1086x1536.png 1086w\" sizes=\"auto, (max-width: 1414px) 100vw, 1414px\" \/><\/a><\/figure>\n<\/div>\n\n\n<p>Prazo: 10\/06 a 11\/07\/2025<br>Local: Portal do Estudante de Gradua\u00e7\u00e3o <br>(Categoria &#8220;Servi\u00e7os&#8221;, op\u00e7\u00e3o &#8220;Renova\u00e7\u00e3o de Matr\u00edcula&#8221;)<br>(<a href=\"http:\/\/www.uel.br\/portaldoestudante\" target=\"_blank\" rel=\"noreferrer noopener\">www.uel.br\/portaldoestudante<\/a>)<\/p>\n","protected":false},"excerpt":{"rendered":"<p>Prazo: 10\/06 a 11\/07\/2025Local: Portal do Estudante de Gradua\u00e7\u00e3o (Categoria &#8220;Servi\u00e7os&#8221;, op\u00e7\u00e3o &#8220;Renova\u00e7\u00e3o de Matr\u00edcula&#8221;)(www.uel.br\/portaldoestudante)<\/p>\n","protected":false},"author":8,"featured_media":0,"comment_status":"open","ping_status":"open","sticky":false,"template":"","format":"standard","meta":{"_acf_changed":false,"_themeisle_gutenberg_block_has_review":false,"footnotes":""},"categories":[30],"tags":[],"class_list":["post-34481","post","type-post","status-publish","format-standard","hentry","category-renovacao-de-matricula"],"acf":[],"_links":{"self":[{"href":"https:\/\/sites.uel.br\/prograd\/wp-json\/wp\/v2\/posts\/34481","targetHints":{"allow":["GET"]}}],"collection":[{"href":"https:\/\/sites.uel.br\/prograd\/wp-json\/wp\/v2\/posts"}],"about":[{"href":"https:\/\/sites.uel.br\/prograd\/wp-json\/wp\/v2\/types\/post"}],"author":[{"embeddable":true,"href":"https:\/\/sites.uel.br\/prograd\/wp-json\/wp\/v2\/users\/8"}],"replies":[{"embeddable":true,"href":"https:\/\/sites.uel.br\/prograd\/wp-json\/wp\/v2\/comments?post=34481"}],"version-history":[{"count":10,"href":"https:\/\/sites.uel.br\/prograd\/wp-json\/wp\/v2\/posts\/34481\/revisions"}],"predecessor-version":[{"id":34501,"href":"https:\/\/sites.uel.br\/prograd\/wp-json\/wp\/v2\/posts\/34481\/revisions\/34501"}],"wp:attachment":[{"href":"https:\/\/sites.uel.br\/prograd\/wp-json\/wp\/v2\/media?parent=34481"}],"wp:term":[{"taxonomy":"category","embeddable":true,"href":"https:\/\/sites.uel.br\/prograd\/wp-json\/wp\/v2\/categories?post=34481"},{"taxonomy":"post_tag","embeddable":true,"href":"https:\/\/sites.uel.br\/prograd\/wp-json\/wp\/v2\/tags?post=34481"}],"curies":[{"name":"wp","href":"https:\/\/api.w.org\/{rel}","templated":true}]}}