{"id":34059,"date":"2025-04-23T19:38:44","date_gmt":"2025-04-23T22:38:44","guid":{"rendered":"https:\/\/sites.uel.br\/prograd\/?p=34059"},"modified":"2025-04-23T19:44:13","modified_gmt":"2025-04-23T22:44:13","slug":"comunicado-regularizacao-de-matriculas","status":"publish","type":"post","link":"https:\/\/sites.uel.br\/prograd\/matriculas\/2025\/04\/23\/comunicado-regularizacao-de-matriculas\/","title":{"rendered":"COMUNICADO &#8211; REGULARIZA\u00c7\u00c3O DE MATR\u00cdCULAS"},"content":{"rendered":"\n<p>Caros estudantes.<\/p>\n\n\n\n<p>Alguns estudantes est\u00e3o com problemas na matr\u00edcula neste in\u00edcio de ano. Houve falhas durante o processamento. PROGRAD (Pr\u00f3-Reitoria de Gradua\u00e7\u00e3o) e ATI (Assessoria de Tecnologia de Informa\u00e7\u00e3o) j\u00e1 est\u00e3o construindo solu\u00e7\u00f5es.<\/p>\n\n\n\n<p>O coordenador de seu curso est\u00e1 ajudando na organiza\u00e7\u00e3o e fornecer\u00e1 informa\u00e7\u00f5es \u00e0 Prograd <strong>quanto aos ajustes que forem necess\u00e1rios<\/strong>.<\/p>\n\n\n\n<p>Fiquem tranquilos, as matr\u00edculas ser\u00e3o regularizadas.<\/p>\n\n\n\n<p>Caso perceba alguma inconsist\u00eancia <strong>na sua matr\u00edcula<\/strong>, por favor, informe o coordenador do seu curso.<\/p>\n\n\n\n<p>PROGRAD\/UEL<\/p>\n","protected":false},"excerpt":{"rendered":"<p>Caros estudantes. Alguns estudantes est\u00e3o com problemas na matr\u00edcula neste in\u00edcio de ano. Houve falhas durante o processamento. PROGRAD (Pr\u00f3-Reitoria de Gradua\u00e7\u00e3o) e ATI (Assessoria de Tecnologia de Informa\u00e7\u00e3o) j\u00e1 est\u00e3o construindo solu\u00e7\u00f5es. O coordenador de seu curso est\u00e1 ajudando na organiza\u00e7\u00e3o e fornecer\u00e1 informa\u00e7\u00f5es \u00e0 Prograd quanto aos ajustes que forem necess\u00e1rios. Fiquem tranquilos, [&hellip;]<\/p>\n","protected":false},"author":8,"featured_media":0,"comment_status":"open","ping_status":"open","sticky":false,"template":"","format":"standard","meta":{"_acf_changed":false,"_themeisle_gutenberg_block_has_review":false,"footnotes":""},"categories":[41],"tags":[],"class_list":["post-34059","post","type-post","status-publish","format-standard","hentry","category-matriculas"],"acf":[],"_links":{"self":[{"href":"https:\/\/sites.uel.br\/prograd\/wp-json\/wp\/v2\/posts\/34059","targetHints":{"allow":["GET"]}}],"collection":[{"href":"https:\/\/sites.uel.br\/prograd\/wp-json\/wp\/v2\/posts"}],"about":[{"href":"https:\/\/sites.uel.br\/prograd\/wp-json\/wp\/v2\/types\/post"}],"author":[{"embeddable":true,"href":"https:\/\/sites.uel.br\/prograd\/wp-json\/wp\/v2\/users\/8"}],"replies":[{"embeddable":true,"href":"https:\/\/sites.uel.br\/prograd\/wp-json\/wp\/v2\/comments?post=34059"}],"version-history":[{"count":6,"href":"https:\/\/sites.uel.br\/prograd\/wp-json\/wp\/v2\/posts\/34059\/revisions"}],"predecessor-version":[{"id":34066,"href":"https:\/\/sites.uel.br\/prograd\/wp-json\/wp\/v2\/posts\/34059\/revisions\/34066"}],"wp:attachment":[{"href":"https:\/\/sites.uel.br\/prograd\/wp-json\/wp\/v2\/media?parent=34059"}],"wp:term":[{"taxonomy":"category","embeddable":true,"href":"https:\/\/sites.uel.br\/prograd\/wp-json\/wp\/v2\/categories?post=34059"},{"taxonomy":"post_tag","embeddable":true,"href":"https:\/\/sites.uel.br\/prograd\/wp-json\/wp\/v2\/tags?post=34059"}],"curies":[{"name":"wp","href":"https:\/\/api.w.org\/{rel}","templated":true}]}}