{"id":33938,"date":"2025-04-09T15:04:44","date_gmt":"2025-04-09T18:04:44","guid":{"rendered":"https:\/\/sites.uel.br\/prograd\/?p=33938"},"modified":"2025-04-09T15:04:44","modified_gmt":"2025-04-09T18:04:44","slug":"disciplinas-eletivas-referentes-ao-ano-letivo-de-2025","status":"publish","type":"post","link":"https:\/\/sites.uel.br\/prograd\/disciplinas-eletivas\/2025\/04\/09\/disciplinas-eletivas-referentes-ao-ano-letivo-de-2025\/","title":{"rendered":"Disciplinas Eletivas referentes ao ano letivo de 2025"},"content":{"rendered":"\n<p>A Pr\u00f3-Reitoria de Gradua\u00e7\u00e3o, no uso de suas atribui\u00e7\u00f5es, faz saber aos estudantes, os pareceres em rela\u00e7\u00e3o \u00e0s disciplinas eletivas referentes ao ano letivo de 2025.<\/p>\n\n\n\n<p><strong>Mais informa\u00e7\u00f5es:\u00a0<\/strong><a href=\"https:\/\/sites.uel.br\/prograd\/wp-content\/uploads\/documentos\/editais\/2025\/prograd\/editais_45-ao-53_25.pdf\" target=\"_blank\" rel=\"noreferrer noopener\">Editais Prograd 45-53\/2025<\/a><\/p>\n","protected":false},"excerpt":{"rendered":"<p>A Pr\u00f3-Reitoria de Gradua\u00e7\u00e3o, no uso de suas atribui\u00e7\u00f5es, faz saber aos estudantes, os pareceres em rela\u00e7\u00e3o \u00e0s disciplinas eletivas referentes ao ano letivo de 2025. Mais informa\u00e7\u00f5es:\u00a0Editais Prograd 45-53\/2025<\/p>\n","protected":false},"author":20,"featured_media":0,"comment_status":"open","ping_status":"open","sticky":false,"template":"","format":"standard","meta":{"_acf_changed":false,"_themeisle_gutenberg_block_has_review":false,"footnotes":""},"categories":[87],"tags":[],"class_list":["post-33938","post","type-post","status-publish","format-standard","hentry","category-disciplinas-eletivas"],"acf":[],"_links":{"self":[{"href":"https:\/\/sites.uel.br\/prograd\/wp-json\/wp\/v2\/posts\/33938","targetHints":{"allow":["GET"]}}],"collection":[{"href":"https:\/\/sites.uel.br\/prograd\/wp-json\/wp\/v2\/posts"}],"about":[{"href":"https:\/\/sites.uel.br\/prograd\/wp-json\/wp\/v2\/types\/post"}],"author":[{"embeddable":true,"href":"https:\/\/sites.uel.br\/prograd\/wp-json\/wp\/v2\/users\/20"}],"replies":[{"embeddable":true,"href":"https:\/\/sites.uel.br\/prograd\/wp-json\/wp\/v2\/comments?post=33938"}],"version-history":[{"count":1,"href":"https:\/\/sites.uel.br\/prograd\/wp-json\/wp\/v2\/posts\/33938\/revisions"}],"predecessor-version":[{"id":33939,"href":"https:\/\/sites.uel.br\/prograd\/wp-json\/wp\/v2\/posts\/33938\/revisions\/33939"}],"wp:attachment":[{"href":"https:\/\/sites.uel.br\/prograd\/wp-json\/wp\/v2\/media?parent=33938"}],"wp:term":[{"taxonomy":"category","embeddable":true,"href":"https:\/\/sites.uel.br\/prograd\/wp-json\/wp\/v2\/categories?post=33938"},{"taxonomy":"post_tag","embeddable":true,"href":"https:\/\/sites.uel.br\/prograd\/wp-json\/wp\/v2\/tags?post=33938"}],"curies":[{"name":"wp","href":"https:\/\/api.w.org\/{rel}","templated":true}]}}