{"id":33870,"date":"2025-04-08T11:40:42","date_gmt":"2025-04-08T14:40:42","guid":{"rendered":"https:\/\/sites.uel.br\/prograd\/?p=33870"},"modified":"2025-04-08T15:10:11","modified_gmt":"2025-04-08T18:10:11","slug":"edital-prograd-20-2025-sistema-de-matricula-por-atividade-academica","status":"publish","type":"post","link":"https:\/\/sites.uel.br\/prograd\/sistema-de-matricula-por-atividade-academica-de-graduacao\/2025\/04\/08\/edital-prograd-20-2025-sistema-de-matricula-por-atividade-academica\/","title":{"rendered":"Editais Prograd 20\/2025 ao 28\/2025 &#8211; Sistema de Matr\u00edcula por Atividade Acad\u00eamica"},"content":{"rendered":"\n<p>A Pr\u00f3-Reitoria de Gradua\u00e7\u00e3o, faz saber aos estudantes dos cursos os pareceres em rela\u00e7\u00e3o ao Sistema de Matr\u00edcula por Atividade Acad\u00eamica.<\/p>\n\n\n\n<p><strong>Mais informa\u00e7\u00f5es:<\/strong> <a href=\"https:\/\/sites.uel.br\/prograd\/wp-content\/uploads\/documentos\/editais\/2025\/prograd\/edital_20_25.pdf\" target=\"_blank\" rel=\"noreferrer noopener\">Edital Prograd 20\/2025<\/a><\/p>\n","protected":false},"excerpt":{"rendered":"<p>A Pr\u00f3-Reitoria de Gradua\u00e7\u00e3o, faz saber aos estudantes dos cursos os pareceres em rela\u00e7\u00e3o ao Sistema de Matr\u00edcula por Atividade Acad\u00eamica. Mais informa\u00e7\u00f5es: Edital Prograd 20\/2025<\/p>\n","protected":false},"author":20,"featured_media":0,"comment_status":"open","ping_status":"open","sticky":false,"template":"","format":"standard","meta":{"_acf_changed":false,"_themeisle_gutenberg_block_has_review":false,"footnotes":""},"categories":[82],"tags":[],"class_list":["post-33870","post","type-post","status-publish","format-standard","hentry","category-sistema-de-matricula-por-atividade-academica-de-graduacao"],"acf":[],"_links":{"self":[{"href":"https:\/\/sites.uel.br\/prograd\/wp-json\/wp\/v2\/posts\/33870","targetHints":{"allow":["GET"]}}],"collection":[{"href":"https:\/\/sites.uel.br\/prograd\/wp-json\/wp\/v2\/posts"}],"about":[{"href":"https:\/\/sites.uel.br\/prograd\/wp-json\/wp\/v2\/types\/post"}],"author":[{"embeddable":true,"href":"https:\/\/sites.uel.br\/prograd\/wp-json\/wp\/v2\/users\/20"}],"replies":[{"embeddable":true,"href":"https:\/\/sites.uel.br\/prograd\/wp-json\/wp\/v2\/comments?post=33870"}],"version-history":[{"count":4,"href":"https:\/\/sites.uel.br\/prograd\/wp-json\/wp\/v2\/posts\/33870\/revisions"}],"predecessor-version":[{"id":33917,"href":"https:\/\/sites.uel.br\/prograd\/wp-json\/wp\/v2\/posts\/33870\/revisions\/33917"}],"wp:attachment":[{"href":"https:\/\/sites.uel.br\/prograd\/wp-json\/wp\/v2\/media?parent=33870"}],"wp:term":[{"taxonomy":"category","embeddable":true,"href":"https:\/\/sites.uel.br\/prograd\/wp-json\/wp\/v2\/categories?post=33870"},{"taxonomy":"post_tag","embeddable":true,"href":"https:\/\/sites.uel.br\/prograd\/wp-json\/wp\/v2\/tags?post=33870"}],"curies":[{"name":"wp","href":"https:\/\/api.w.org\/{rel}","templated":true}]}}