{"id":33807,"date":"2025-03-24T15:32:05","date_gmt":"2025-03-24T18:32:05","guid":{"rendered":"https:\/\/sites.uel.br\/prograd\/?p=33807"},"modified":"2025-03-24T15:33:04","modified_gmt":"2025-03-24T18:33:04","slug":"estudantes-com-matriculas-canceladas","status":"publish","type":"post","link":"https:\/\/sites.uel.br\/prograd\/matriculas\/2025\/03\/24\/estudantes-com-matriculas-canceladas\/","title":{"rendered":"Estudantes com matr\u00edculas canceladas"},"content":{"rendered":"\n<p>Rela\u00e7\u00e3o dos estudantes que tiveram suas matr\u00edculas canceladas na UEL, nos termos do Art. 43, \u00a78, do Regimento Geral.<\/p>\n\n\n\n<p><strong><strong>Mais informa\u00e7\u00f5es:<\/strong><\/strong> <a href=\"https:\/\/sites.uel.br\/prograd\/wp-content\/uploads\/documentos\/editais\/2025\/prograd\/edital_16_2025.pdf\" target=\"_blank\" rel=\"noreferrer noopener\">Edital Prograd 16\/2025<\/a><\/p>\n\n\n\n<p><\/p>\n","protected":false},"excerpt":{"rendered":"<p>Rela\u00e7\u00e3o dos estudantes que tiveram suas matr\u00edculas canceladas na UEL, nos termos do Art. 43, \u00a78, do Regimento Geral. Mais informa\u00e7\u00f5es: Edital Prograd 16\/2025<\/p>\n","protected":false},"author":20,"featured_media":0,"comment_status":"open","ping_status":"open","sticky":false,"template":"","format":"standard","meta":{"_acf_changed":false,"_themeisle_gutenberg_block_has_review":false,"footnotes":""},"categories":[132,41],"tags":[],"class_list":["post-33807","post","type-post","status-publish","format-standard","hentry","category-cancelamento-de-matricula","category-matriculas"],"acf":[],"_links":{"self":[{"href":"https:\/\/sites.uel.br\/prograd\/wp-json\/wp\/v2\/posts\/33807","targetHints":{"allow":["GET"]}}],"collection":[{"href":"https:\/\/sites.uel.br\/prograd\/wp-json\/wp\/v2\/posts"}],"about":[{"href":"https:\/\/sites.uel.br\/prograd\/wp-json\/wp\/v2\/types\/post"}],"author":[{"embeddable":true,"href":"https:\/\/sites.uel.br\/prograd\/wp-json\/wp\/v2\/users\/20"}],"replies":[{"embeddable":true,"href":"https:\/\/sites.uel.br\/prograd\/wp-json\/wp\/v2\/comments?post=33807"}],"version-history":[{"count":2,"href":"https:\/\/sites.uel.br\/prograd\/wp-json\/wp\/v2\/posts\/33807\/revisions"}],"predecessor-version":[{"id":33809,"href":"https:\/\/sites.uel.br\/prograd\/wp-json\/wp\/v2\/posts\/33807\/revisions\/33809"}],"wp:attachment":[{"href":"https:\/\/sites.uel.br\/prograd\/wp-json\/wp\/v2\/media?parent=33807"}],"wp:term":[{"taxonomy":"category","embeddable":true,"href":"https:\/\/sites.uel.br\/prograd\/wp-json\/wp\/v2\/categories?post=33807"},{"taxonomy":"post_tag","embeddable":true,"href":"https:\/\/sites.uel.br\/prograd\/wp-json\/wp\/v2\/tags?post=33807"}],"curies":[{"name":"wp","href":"https:\/\/api.w.org\/{rel}","templated":true}]}}