{"id":33701,"date":"2025-03-11T09:10:58","date_gmt":"2025-03-11T12:10:58","guid":{"rendered":"https:\/\/sites.uel.br\/prograd\/?p=33701"},"modified":"2025-03-11T09:16:33","modified_gmt":"2025-03-11T12:16:33","slug":"primeira-selecao-unificada-da-uel-oferta-487-vagas-remanescentes-para-o-ano-letivo-2025","status":"publish","type":"post","link":"https:\/\/sites.uel.br\/prograd\/vestibular\/2025\/03\/11\/primeira-selecao-unificada-da-uel-oferta-487-vagas-remanescentes-para-o-ano-letivo-2025\/","title":{"rendered":"Primeira Sele\u00e7\u00e3o Unificada da UEL oferta 487 vagas remanescentes para o ano letivo 2025\u00a0"},"content":{"rendered":"\n<figure class=\"wp-block-embed aligncenter is-type-wp-embed is-provider-o-perobal wp-block-embed-o-perobal\"><div class=\"wp-block-embed__wrapper\">\n<blockquote class=\"wp-embedded-content\" data-secret=\"xZwC4Aq2Mt\"><a href=\"https:\/\/operobal.uel.br\/prograd\/2025\/03\/07\/primeira-selecao-unificada-da-uel-oferta-487-vagas-remanescentes-para-o-ano-letivo-2025\/\">Primeira Sele\u00e7\u00e3o Unificada da UEL oferta 487 vagas remanescentes para o ano letivo 2025\u00a0<\/a><\/blockquote><iframe loading=\"lazy\" class=\"wp-embedded-content\" sandbox=\"allow-scripts\" security=\"restricted\" style=\"position: absolute; visibility: hidden;\" title=\"&#8220;Primeira Sele\u00e7\u00e3o Unificada da UEL oferta 487 vagas remanescentes para o ano letivo 2025\u00a0&#8221; &#8212; O Perobal\" src=\"https:\/\/operobal.uel.br\/prograd\/2025\/03\/07\/primeira-selecao-unificada-da-uel-oferta-487-vagas-remanescentes-para-o-ano-letivo-2025\/embed\/#?secret=KqqdxUCYd9#?secret=xZwC4Aq2Mt\" data-secret=\"xZwC4Aq2Mt\" width=\"500\" height=\"282\" frameborder=\"0\" marginwidth=\"0\" marginheight=\"0\" scrolling=\"no\"><\/iframe>\n<\/div><\/figure>\n\n\n\n<p>O in\u00edcio das aulas ser\u00e1 no dia 24 de mar\u00e7o e o prazo das inscri\u00e7\u00f5es permanece aberto at\u00e9 o dia 13 de mar\u00e7o, por meio do Portal da Cops.<\/p>\n\n\n\n<p><\/p>\n","protected":false},"excerpt":{"rendered":"<p>O in\u00edcio das aulas ser\u00e1 no dia 24 de mar\u00e7o e o prazo das inscri\u00e7\u00f5es permanece aberto at\u00e9 o dia 13 de mar\u00e7o, por meio do Portal da Cops.<\/p>\n","protected":false},"author":20,"featured_media":0,"comment_status":"open","ping_status":"open","sticky":false,"template":"","format":"standard","meta":{"_acf_changed":false,"_themeisle_gutenberg_block_has_review":false,"footnotes":""},"categories":[68,58],"tags":[],"class_list":["post-33701","post","type-post","status-publish","format-standard","hentry","category-vagas-remanescentes","category-vestibular"],"acf":[],"_links":{"self":[{"href":"https:\/\/sites.uel.br\/prograd\/wp-json\/wp\/v2\/posts\/33701","targetHints":{"allow":["GET"]}}],"collection":[{"href":"https:\/\/sites.uel.br\/prograd\/wp-json\/wp\/v2\/posts"}],"about":[{"href":"https:\/\/sites.uel.br\/prograd\/wp-json\/wp\/v2\/types\/post"}],"author":[{"embeddable":true,"href":"https:\/\/sites.uel.br\/prograd\/wp-json\/wp\/v2\/users\/20"}],"replies":[{"embeddable":true,"href":"https:\/\/sites.uel.br\/prograd\/wp-json\/wp\/v2\/comments?post=33701"}],"version-history":[{"count":4,"href":"https:\/\/sites.uel.br\/prograd\/wp-json\/wp\/v2\/posts\/33701\/revisions"}],"predecessor-version":[{"id":33706,"href":"https:\/\/sites.uel.br\/prograd\/wp-json\/wp\/v2\/posts\/33701\/revisions\/33706"}],"wp:attachment":[{"href":"https:\/\/sites.uel.br\/prograd\/wp-json\/wp\/v2\/media?parent=33701"}],"wp:term":[{"taxonomy":"category","embeddable":true,"href":"https:\/\/sites.uel.br\/prograd\/wp-json\/wp\/v2\/categories?post=33701"},{"taxonomy":"post_tag","embeddable":true,"href":"https:\/\/sites.uel.br\/prograd\/wp-json\/wp\/v2\/tags?post=33701"}],"curies":[{"name":"wp","href":"https:\/\/api.w.org\/{rel}","templated":true}]}}