{"id":33496,"date":"2025-01-28T13:40:24","date_gmt":"2025-01-28T16:40:24","guid":{"rendered":"https:\/\/sites.uel.br\/prograd\/?p=33496"},"modified":"2025-01-28T13:40:26","modified_gmt":"2025-01-28T16:40:26","slug":"sisu-2025-uel-prorroga-prazo-para-confirmacao-da-pre-matricula","status":"publish","type":"post","link":"https:\/\/sites.uel.br\/prograd\/sisu\/2025\/01\/28\/sisu-2025-uel-prorroga-prazo-para-confirmacao-da-pre-matricula\/","title":{"rendered":"SISU 2025: UEL prorroga prazo para confirma\u00e7\u00e3o da pr\u00e9-matr\u00edcula"},"content":{"rendered":"\n<figure class=\"wp-block-embed is-type-wp-embed is-provider-o-perobal wp-block-embed-o-perobal\"><div class=\"wp-block-embed__wrapper\">\n<blockquote class=\"wp-embedded-content\" data-secret=\"667s1QHY8D\"><a href=\"https:\/\/operobal.uel.br\/cops\/2025\/01\/28\/sisu-2025-uel-prorroga-prazo-para-confirmacao-da-pre-matricula\/\">SISU 2025: UEL prorroga prazo para confirma\u00e7\u00e3o da pr\u00e9-matr\u00edcula<\/a><\/blockquote><iframe loading=\"lazy\" class=\"wp-embedded-content\" sandbox=\"allow-scripts\" security=\"restricted\" style=\"position: absolute; visibility: hidden;\" title=\"&#8220;SISU 2025: UEL prorroga prazo para confirma\u00e7\u00e3o da pr\u00e9-matr\u00edcula&#8221; &#8212; O Perobal\" src=\"https:\/\/operobal.uel.br\/cops\/2025\/01\/28\/sisu-2025-uel-prorroga-prazo-para-confirmacao-da-pre-matricula\/embed\/#?secret=evYuLbtgRr#?secret=667s1QHY8D\" data-secret=\"667s1QHY8D\" width=\"500\" height=\"282\" frameborder=\"0\" marginwidth=\"0\" marginheight=\"0\" scrolling=\"no\"><\/iframe>\n<\/div><\/figure>\n\n\n\n<p>A Universidade Estadual de Londrina, por meio da Coordenadoria de Processos Seletivos (COPS), adiou o prazo para a confirma\u00e7\u00e3o da pr\u00e9-matr\u00edcula dos 588 candidatos.<\/p>\n","protected":false},"excerpt":{"rendered":"<p>A Universidade Estadual de Londrina, por meio da Coordenadoria de Processos Seletivos (COPS), adiou o prazo para a confirma\u00e7\u00e3o da pr\u00e9-matr\u00edcula dos 588 candidatos.<\/p>\n","protected":false},"author":8,"featured_media":0,"comment_status":"open","ping_status":"open","sticky":false,"template":"","format":"standard","meta":{"_acf_changed":false,"_themeisle_gutenberg_block_has_review":false,"footnotes":""},"categories":[44],"tags":[],"class_list":["post-33496","post","type-post","status-publish","format-standard","hentry","category-sisu"],"acf":[],"_links":{"self":[{"href":"https:\/\/sites.uel.br\/prograd\/wp-json\/wp\/v2\/posts\/33496","targetHints":{"allow":["GET"]}}],"collection":[{"href":"https:\/\/sites.uel.br\/prograd\/wp-json\/wp\/v2\/posts"}],"about":[{"href":"https:\/\/sites.uel.br\/prograd\/wp-json\/wp\/v2\/types\/post"}],"author":[{"embeddable":true,"href":"https:\/\/sites.uel.br\/prograd\/wp-json\/wp\/v2\/users\/8"}],"replies":[{"embeddable":true,"href":"https:\/\/sites.uel.br\/prograd\/wp-json\/wp\/v2\/comments?post=33496"}],"version-history":[{"count":1,"href":"https:\/\/sites.uel.br\/prograd\/wp-json\/wp\/v2\/posts\/33496\/revisions"}],"predecessor-version":[{"id":33497,"href":"https:\/\/sites.uel.br\/prograd\/wp-json\/wp\/v2\/posts\/33496\/revisions\/33497"}],"wp:attachment":[{"href":"https:\/\/sites.uel.br\/prograd\/wp-json\/wp\/v2\/media?parent=33496"}],"wp:term":[{"taxonomy":"category","embeddable":true,"href":"https:\/\/sites.uel.br\/prograd\/wp-json\/wp\/v2\/categories?post=33496"},{"taxonomy":"post_tag","embeddable":true,"href":"https:\/\/sites.uel.br\/prograd\/wp-json\/wp\/v2\/tags?post=33496"}],"curies":[{"name":"wp","href":"https:\/\/api.w.org\/{rel}","templated":true}]}}