{"id":33492,"date":"2025-01-28T08:01:26","date_gmt":"2025-01-28T11:01:26","guid":{"rendered":"https:\/\/sites.uel.br\/prograd\/?p=33492"},"modified":"2025-01-28T08:08:25","modified_gmt":"2025-01-28T11:08:25","slug":"renovacao-de-matricula-ano-letivo-2025-2","status":"publish","type":"post","link":"https:\/\/sites.uel.br\/prograd\/renovacao-de-matricula\/2025\/01\/28\/renovacao-de-matricula-ano-letivo-2025-2\/","title":{"rendered":"Renova\u00e7\u00e3o de Matr\u00edcula &#8211; Ano Letivo &#8211; 2025"},"content":{"rendered":"<div class=\"wp-block-image\">\n<figure class=\"aligncenter size-full\"><img loading=\"lazy\" decoding=\"async\" width=\"1080\" height=\"1080\" src=\"https:\/\/sites.uel.br\/prograd\/wp-content\/uploads\/2025\/01\/renovacao_matricula_2025_redes.jpeg\" alt=\"\" class=\"wp-image-33493\" srcset=\"https:\/\/sites.uel.br\/prograd\/wp-content\/uploads\/2025\/01\/renovacao_matricula_2025_redes.jpeg 1080w, https:\/\/sites.uel.br\/prograd\/wp-content\/uploads\/2025\/01\/renovacao_matricula_2025_redes-300x300.jpeg 300w, https:\/\/sites.uel.br\/prograd\/wp-content\/uploads\/2025\/01\/renovacao_matricula_2025_redes-1024x1024.jpeg 1024w, https:\/\/sites.uel.br\/prograd\/wp-content\/uploads\/2025\/01\/renovacao_matricula_2025_redes-150x150.jpeg 150w, https:\/\/sites.uel.br\/prograd\/wp-content\/uploads\/2025\/01\/renovacao_matricula_2025_redes-768x768.jpeg 768w\" sizes=\"auto, (max-width: 1080px) 100vw, 1080px\" \/><\/figure>\n<\/div>\n\n\n<figure class=\"wp-block-image size-full\"><a href=\"https:\/\/www.uel.br\/portaldoestudante\/\" target=\"_blank\" rel=\" noreferrer noopener\"><img loading=\"lazy\" decoding=\"async\" width=\"1655\" height=\"2340\" src=\"https:\/\/sites.uel.br\/prograd\/wp-content\/uploads\/2025\/01\/cartaz_renovacao_matricula_2025.png\" alt=\"\" class=\"wp-image-33461\" srcset=\"https:\/\/sites.uel.br\/prograd\/wp-content\/uploads\/2025\/01\/cartaz_renovacao_matricula_2025.png 1655w, https:\/\/sites.uel.br\/prograd\/wp-content\/uploads\/2025\/01\/cartaz_renovacao_matricula_2025-212x300.png 212w, https:\/\/sites.uel.br\/prograd\/wp-content\/uploads\/2025\/01\/cartaz_renovacao_matricula_2025-724x1024.png 724w, https:\/\/sites.uel.br\/prograd\/wp-content\/uploads\/2025\/01\/cartaz_renovacao_matricula_2025-768x1086.png 768w, https:\/\/sites.uel.br\/prograd\/wp-content\/uploads\/2025\/01\/cartaz_renovacao_matricula_2025-1086x1536.png 1086w, https:\/\/sites.uel.br\/prograd\/wp-content\/uploads\/2025\/01\/cartaz_renovacao_matricula_2025-1448x2048.png 1448w\" sizes=\"auto, (max-width: 1655px) 100vw, 1655px\" \/><\/a><\/figure>\n\n\n\n<p>Prazo: 27\/01 a 28\/02\/2025<br>Local: Portal do Estudante de Gradua\u00e7\u00e3o <br>(Categoria &#8220;Servi\u00e7os&#8221;, op\u00e7\u00e3o &#8220;Renova\u00e7\u00e3o de Matr\u00edcula&#8221;)<br>(<a href=\"http:\/\/www.uel.br\/portaldoestudante\" target=\"_blank\" rel=\"noreferrer noopener\">www.uel.br\/portaldoestudante<\/a>)<\/p>\n\n\n\n<p><\/p>\n","protected":false},"excerpt":{"rendered":"<p>Prazo: 27\/01 a 28\/02\/2025Local: Portal do Estudante de Gradua\u00e7\u00e3o (Categoria &#8220;Servi\u00e7os&#8221;, op\u00e7\u00e3o &#8220;Renova\u00e7\u00e3o de Matr\u00edcula&#8221;)(www.uel.br\/portaldoestudante)<\/p>\n","protected":false},"author":8,"featured_media":0,"comment_status":"open","ping_status":"open","sticky":false,"template":"","format":"standard","meta":{"_acf_changed":false,"_themeisle_gutenberg_block_has_review":false,"footnotes":""},"categories":[30],"tags":[],"class_list":["post-33492","post","type-post","status-publish","format-standard","hentry","category-renovacao-de-matricula"],"acf":[],"_links":{"self":[{"href":"https:\/\/sites.uel.br\/prograd\/wp-json\/wp\/v2\/posts\/33492","targetHints":{"allow":["GET"]}}],"collection":[{"href":"https:\/\/sites.uel.br\/prograd\/wp-json\/wp\/v2\/posts"}],"about":[{"href":"https:\/\/sites.uel.br\/prograd\/wp-json\/wp\/v2\/types\/post"}],"author":[{"embeddable":true,"href":"https:\/\/sites.uel.br\/prograd\/wp-json\/wp\/v2\/users\/8"}],"replies":[{"embeddable":true,"href":"https:\/\/sites.uel.br\/prograd\/wp-json\/wp\/v2\/comments?post=33492"}],"version-history":[{"count":2,"href":"https:\/\/sites.uel.br\/prograd\/wp-json\/wp\/v2\/posts\/33492\/revisions"}],"predecessor-version":[{"id":33495,"href":"https:\/\/sites.uel.br\/prograd\/wp-json\/wp\/v2\/posts\/33492\/revisions\/33495"}],"wp:attachment":[{"href":"https:\/\/sites.uel.br\/prograd\/wp-json\/wp\/v2\/media?parent=33492"}],"wp:term":[{"taxonomy":"category","embeddable":true,"href":"https:\/\/sites.uel.br\/prograd\/wp-json\/wp\/v2\/categories?post=33492"},{"taxonomy":"post_tag","embeddable":true,"href":"https:\/\/sites.uel.br\/prograd\/wp-json\/wp\/v2\/tags?post=33492"}],"curies":[{"name":"wp","href":"https:\/\/api.w.org\/{rel}","templated":true}]}}