{"id":33460,"date":"2025-01-27T10:28:12","date_gmt":"2025-01-27T13:28:12","guid":{"rendered":"https:\/\/sites.uel.br\/prograd\/?p=33460"},"modified":"2025-01-27T14:55:16","modified_gmt":"2025-01-27T17:55:16","slug":"renovacao-de-matricula-ano-letivo-2025","status":"publish","type":"post","link":"https:\/\/sites.uel.br\/prograd\/renovacao-de-matricula\/2025\/01\/27\/renovacao-de-matricula-ano-letivo-2025\/","title":{"rendered":"Renova\u00e7\u00e3o de Matr\u00edcula &#8211; Ano Letivo &#8211; 2025"},"content":{"rendered":"<div class=\"wp-block-image\">\n<figure class=\"aligncenter size-full\"><img loading=\"lazy\" decoding=\"async\" width=\"1080\" height=\"677\" src=\"https:\/\/sites.uel.br\/prograd\/wp-content\/uploads\/2025\/01\/banner_renovacao_matricula_2025_post_site.png\" alt=\"\" class=\"wp-image-33468\" srcset=\"https:\/\/sites.uel.br\/prograd\/wp-content\/uploads\/2025\/01\/banner_renovacao_matricula_2025_post_site.png 1080w, https:\/\/sites.uel.br\/prograd\/wp-content\/uploads\/2025\/01\/banner_renovacao_matricula_2025_post_site-300x188.png 300w, https:\/\/sites.uel.br\/prograd\/wp-content\/uploads\/2025\/01\/banner_renovacao_matricula_2025_post_site-1024x642.png 1024w, https:\/\/sites.uel.br\/prograd\/wp-content\/uploads\/2025\/01\/banner_renovacao_matricula_2025_post_site-768x481.png 768w\" sizes=\"auto, (max-width: 1080px) 100vw, 1080px\" \/><\/figure>\n<\/div>\n\n<div class=\"wp-block-image\">\n<figure class=\"aligncenter size-full\"><a href=\"https:\/\/www.uel.br\/portaldoestudante\/\" target=\"_blank\" rel=\" noreferrer noopener\"><img loading=\"lazy\" decoding=\"async\" width=\"1655\" height=\"2340\" src=\"https:\/\/sites.uel.br\/prograd\/wp-content\/uploads\/2025\/01\/cartaz_renovacao_matricula_2025.png\" alt=\"\" class=\"wp-image-33461\" srcset=\"https:\/\/sites.uel.br\/prograd\/wp-content\/uploads\/2025\/01\/cartaz_renovacao_matricula_2025.png 1655w, https:\/\/sites.uel.br\/prograd\/wp-content\/uploads\/2025\/01\/cartaz_renovacao_matricula_2025-212x300.png 212w, https:\/\/sites.uel.br\/prograd\/wp-content\/uploads\/2025\/01\/cartaz_renovacao_matricula_2025-724x1024.png 724w, https:\/\/sites.uel.br\/prograd\/wp-content\/uploads\/2025\/01\/cartaz_renovacao_matricula_2025-768x1086.png 768w, https:\/\/sites.uel.br\/prograd\/wp-content\/uploads\/2025\/01\/cartaz_renovacao_matricula_2025-1086x1536.png 1086w, https:\/\/sites.uel.br\/prograd\/wp-content\/uploads\/2025\/01\/cartaz_renovacao_matricula_2025-1448x2048.png 1448w\" sizes=\"auto, (max-width: 1655px) 100vw, 1655px\" \/><\/a><\/figure>\n<\/div>\n\n\n<p>Prazo: 27\/01 a 28\/02\/2025<br>Local: Portal do Estudante de Gradua\u00e7\u00e3o <br>(Categoria &#8220;Servi\u00e7os&#8221;, op\u00e7\u00e3o &#8220;Renova\u00e7\u00e3o de Matr\u00edcula&#8221;)<br>(<a href=\"http:\/\/www.uel.br\/portaldoestudante\" target=\"_blank\" rel=\"noreferrer noopener\">www.uel.br\/portaldoestudante<\/a>)<\/p>\n\n\n\n<p><\/p>\n","protected":false},"excerpt":{"rendered":"<p>Prazo: 27\/01 a 28\/02\/2025Local: Portal do Estudante de Gradua\u00e7\u00e3o (Categoria &#8220;Servi\u00e7os&#8221;, op\u00e7\u00e3o &#8220;Renova\u00e7\u00e3o de Matr\u00edcula&#8221;)(www.uel.br\/portaldoestudante)<\/p>\n","protected":false},"author":8,"featured_media":0,"comment_status":"open","ping_status":"open","sticky":false,"template":"","format":"standard","meta":{"_acf_changed":false,"_themeisle_gutenberg_block_has_review":false,"footnotes":""},"categories":[30],"tags":[],"class_list":["post-33460","post","type-post","status-publish","format-standard","hentry","category-renovacao-de-matricula"],"acf":[],"_links":{"self":[{"href":"https:\/\/sites.uel.br\/prograd\/wp-json\/wp\/v2\/posts\/33460","targetHints":{"allow":["GET"]}}],"collection":[{"href":"https:\/\/sites.uel.br\/prograd\/wp-json\/wp\/v2\/posts"}],"about":[{"href":"https:\/\/sites.uel.br\/prograd\/wp-json\/wp\/v2\/types\/post"}],"author":[{"embeddable":true,"href":"https:\/\/sites.uel.br\/prograd\/wp-json\/wp\/v2\/users\/8"}],"replies":[{"embeddable":true,"href":"https:\/\/sites.uel.br\/prograd\/wp-json\/wp\/v2\/comments?post=33460"}],"version-history":[{"count":10,"href":"https:\/\/sites.uel.br\/prograd\/wp-json\/wp\/v2\/posts\/33460\/revisions"}],"predecessor-version":[{"id":33481,"href":"https:\/\/sites.uel.br\/prograd\/wp-json\/wp\/v2\/posts\/33460\/revisions\/33481"}],"wp:attachment":[{"href":"https:\/\/sites.uel.br\/prograd\/wp-json\/wp\/v2\/media?parent=33460"}],"wp:term":[{"taxonomy":"category","embeddable":true,"href":"https:\/\/sites.uel.br\/prograd\/wp-json\/wp\/v2\/categories?post=33460"},{"taxonomy":"post_tag","embeddable":true,"href":"https:\/\/sites.uel.br\/prograd\/wp-json\/wp\/v2\/tags?post=33460"}],"curies":[{"name":"wp","href":"https:\/\/api.w.org\/{rel}","templated":true}]}}