{"id":33368,"date":"2025-01-17T09:19:15","date_gmt":"2025-01-17T12:19:15","guid":{"rendered":"https:\/\/sites.uel.br\/prograd\/?p=33368"},"modified":"2025-01-17T09:19:16","modified_gmt":"2025-01-17T12:19:16","slug":"uel-oferece-vagas-pelo-sisu-aprova-parana-universidades-e-outras-formas-de-ingresso","status":"publish","type":"post","link":"https:\/\/sites.uel.br\/prograd\/sisu\/2025\/01\/17\/uel-oferece-vagas-pelo-sisu-aprova-parana-universidades-e-outras-formas-de-ingresso\/","title":{"rendered":"UEL oferece vagas pelo SISU, Aprova Paran\u00e1 Universidades e outras formas de ingresso"},"content":{"rendered":"\n<figure class=\"wp-block-embed is-type-wp-embed is-provider-o-perobal wp-block-embed-o-perobal\"><div class=\"wp-block-embed__wrapper\">\n<blockquote class=\"wp-embedded-content\" data-secret=\"5lpYYxXNLf\"><a href=\"https:\/\/operobal.uel.br\/prograd\/2025\/01\/16\/uel-oferece-vagas-pelo-sisu-aprova-parana-universidades-e-outras-formas-de-ingresso\/\">UEL oferece vagas pelo SISU, Aprova Paran\u00e1 Universidades e outras formas de ingresso<\/a><\/blockquote><iframe loading=\"lazy\" class=\"wp-embedded-content\" sandbox=\"allow-scripts\" security=\"restricted\" style=\"position: absolute; visibility: hidden;\" title=\"&#8220;UEL oferece vagas pelo SISU, Aprova Paran\u00e1 Universidades e outras formas de ingresso&#8221; &#8212; O Perobal\" src=\"https:\/\/operobal.uel.br\/prograd\/2025\/01\/16\/uel-oferece-vagas-pelo-sisu-aprova-parana-universidades-e-outras-formas-de-ingresso\/embed\/#?secret=yHG5O8W2ms#?secret=5lpYYxXNLf\" data-secret=\"5lpYYxXNLf\" width=\"500\" height=\"282\" frameborder=\"0\" marginwidth=\"0\" marginheight=\"0\" scrolling=\"no\"><\/iframe>\n<\/div><\/figure>\n\n\n\n<p>As inscri\u00e7\u00f5es para o SISU v\u00e3o de 17 a 21 de janeiro, j\u00e1 para o Aprova Paran\u00e1 Universidades as inscri\u00e7\u00f5es s\u00e3o de 20 a 23 de janeiro.<\/p>\n","protected":false},"excerpt":{"rendered":"<p>As inscri\u00e7\u00f5es para o SISU v\u00e3o de 17 a 21 de janeiro, j\u00e1 para o Aprova Paran\u00e1 Universidades as inscri\u00e7\u00f5es s\u00e3o de 20 a 23 de janeiro.<\/p>\n","protected":false},"author":8,"featured_media":0,"comment_status":"open","ping_status":"open","sticky":false,"template":"","format":"standard","meta":{"_acf_changed":false,"_themeisle_gutenberg_block_has_review":false,"footnotes":""},"categories":[44],"tags":[],"class_list":["post-33368","post","type-post","status-publish","format-standard","hentry","category-sisu"],"acf":[],"_links":{"self":[{"href":"https:\/\/sites.uel.br\/prograd\/wp-json\/wp\/v2\/posts\/33368","targetHints":{"allow":["GET"]}}],"collection":[{"href":"https:\/\/sites.uel.br\/prograd\/wp-json\/wp\/v2\/posts"}],"about":[{"href":"https:\/\/sites.uel.br\/prograd\/wp-json\/wp\/v2\/types\/post"}],"author":[{"embeddable":true,"href":"https:\/\/sites.uel.br\/prograd\/wp-json\/wp\/v2\/users\/8"}],"replies":[{"embeddable":true,"href":"https:\/\/sites.uel.br\/prograd\/wp-json\/wp\/v2\/comments?post=33368"}],"version-history":[{"count":1,"href":"https:\/\/sites.uel.br\/prograd\/wp-json\/wp\/v2\/posts\/33368\/revisions"}],"predecessor-version":[{"id":33369,"href":"https:\/\/sites.uel.br\/prograd\/wp-json\/wp\/v2\/posts\/33368\/revisions\/33369"}],"wp:attachment":[{"href":"https:\/\/sites.uel.br\/prograd\/wp-json\/wp\/v2\/media?parent=33368"}],"wp:term":[{"taxonomy":"category","embeddable":true,"href":"https:\/\/sites.uel.br\/prograd\/wp-json\/wp\/v2\/categories?post=33368"},{"taxonomy":"post_tag","embeddable":true,"href":"https:\/\/sites.uel.br\/prograd\/wp-json\/wp\/v2\/tags?post=33368"}],"curies":[{"name":"wp","href":"https:\/\/api.w.org\/{rel}","templated":true}]}}