{"id":33013,"date":"2024-11-01T09:17:28","date_gmt":"2024-11-01T12:17:28","guid":{"rendered":"https:\/\/sites.uel.br\/prograd\/?p=33013"},"modified":"2024-11-01T09:17:30","modified_gmt":"2024-11-01T12:17:30","slug":"resultado-das-disciplinas-ano-letivo-de-2024-2","status":"publish","type":"post","link":"https:\/\/sites.uel.br\/prograd\/disciplinas\/2024\/11\/01\/resultado-das-disciplinas-ano-letivo-de-2024-2\/","title":{"rendered":"Resultado das Disciplinas &#8211; Ano Letivo de 2024"},"content":{"rendered":"\n<p class=\"has-text-align-center has-verde-claro-background-color has-background\"><strong>Editais com o resultado das disciplinas do Sistema de Matr\u00edcula por Atividade Acad\u00eamica de Gradua\u00e7\u00e3o, Disciplinas Optativas e Disciplinas Especiais &#8211; Ano Letivo de 2024<\/strong><br><br><em>Obs: Hor\u00e1rios dispon\u00edveis no <a href=\"https:\/\/www.uel.br\/portaldoestudante\/\" target=\"_blank\" rel=\"noreferrer noopener\">Portal do Estudante de Gradua\u00e7\u00e3o<\/a>, em &#8220;Documentos&#8221;, op\u00e7\u00e3o &#8220;Disciplinas Matriculadas&#8221;.<\/em><\/p>\n\n\n\n<div id=\"wp-block-themeisle-blocks-accordion-c53cb1e6\" class=\"wp-block-themeisle-blocks-accordion exclusive\">\n<details class=\"wp-block-themeisle-blocks-accordion-item\"><summary class=\"wp-block-themeisle-blocks-accordion-item__title\"><div><strong>Sistema de Matr\u00edcula por Atividade Acad\u00eamica de Gradua\u00e7\u00e3o<\/strong><\/div><\/summary><div class=\"wp-block-themeisle-blocks-accordion-item__content\">\n<p><a href=\"https:\/\/sites.uel.br\/prograd\/wp-content\/uploads\/documentos\/editais\/2024\/prograd\/edital_06_24_12_24.pdf\" target=\"_blank\" rel=\"noreferrer noopener\"><\/a><a href=\"https:\/\/sites.uel.br\/prograd\/wp-content\/uploads\/documentos\/editais\/2024\/prograd\/edital_135_24_143_24.pdf\" target=\"_blank\" rel=\"noreferrer noopener\">Edital Prograd 135\/2024 a 143\/2024<\/a><\/p>\n<\/div><\/details>\n\n\n\n<details class=\"wp-block-themeisle-blocks-accordion-item\"><summary class=\"wp-block-themeisle-blocks-accordion-item__title\"><div><strong><strong>Disciplinas Optativas<\/strong><\/strong><\/div><\/summary><div class=\"wp-block-themeisle-blocks-accordion-item__content\">\n<p><a href=\"https:\/\/sites.uel.br\/prograd\/wp-content\/uploads\/documentos\/editais\/2024\/prograd\/edital_13_24.pdf\" target=\"_blank\" rel=\"noreferrer noopener\"><\/a><a href=\"https:\/\/sites.uel.br\/prograd\/wp-content\/uploads\/documentos\/editais\/2024\/prograd\/edital_78_24_85_24.pdf\" target=\"_blank\" rel=\"noreferrer noopener\"><\/a><a href=\"https:\/\/sites.uel.br\/prograd\/wp-content\/uploads\/documentos\/editais\/2024\/prograd\/edital_144_24_148_24.pdf\" target=\"_blank\" rel=\"noreferrer noopener\">Edital Prograd 144\/2024 a 148\/2024<\/a><\/p>\n<\/div><\/details>\n\n\n\n<details class=\"wp-block-themeisle-blocks-accordion-item\"><summary class=\"wp-block-themeisle-blocks-accordion-item__title\"><div><strong><strong>Disciplinas Especiais<\/strong><\/strong><\/div><\/summary><div class=\"wp-block-themeisle-blocks-accordion-item__content\">\n<p><a href=\"https:\/\/sites.uel.br\/prograd\/wp-content\/uploads\/documentos\/editais\/2024\/prograd\/edital_13_24.pdf\" target=\"_blank\" rel=\"noreferrer noopener\"><\/a><a href=\"https:\/\/sites.uel.br\/prograd\/wp-content\/uploads\/documentos\/editais\/2024\/prograd\/edital_86_24_93_24.pdf\" target=\"_blank\" rel=\"noreferrer noopener\"><\/a><a href=\"https:\/\/sites.uel.br\/prograd\/wp-content\/uploads\/documentos\/editais\/2024\/prograd\/edital_149_24_153_24.pdf\" target=\"_blank\" rel=\"noreferrer noopener\">Edital Prograd 149\/2024 a 153\/2024<\/a><\/p>\n<\/div><\/details>\n<\/div>\n\n\n\n<p><\/p>\n\n\n\n<p><\/p>\n\n\n\n<p><\/p>\n\n\n\n<p><\/p>\n\n\n\n<p><\/p>\n","protected":false},"excerpt":{"rendered":"<p>Editais com o resultado das disciplinas do Sistema de Matr\u00edcula por Atividade Acad\u00eamica de Gradua\u00e7\u00e3o, Disciplinas Optativas e Disciplinas Especiais &#8211; Ano Letivo de 2024 Obs: Hor\u00e1rios dispon\u00edveis no Portal do Estudante de Gradua\u00e7\u00e3o, em &#8220;Documentos&#8221;, op\u00e7\u00e3o &#8220;Disciplinas Matriculadas&#8221;.<\/p>\n","protected":false},"author":8,"featured_media":0,"comment_status":"open","ping_status":"open","sticky":false,"template":"","format":"standard","meta":{"_acf_changed":false,"_themeisle_gutenberg_block_has_review":false,"footnotes":""},"categories":[49,86,85,82],"tags":[],"class_list":["post-33013","post","type-post","status-publish","format-standard","hentry","category-disciplinas","category-disciplinas-especiais","category-disciplinas-optativas","category-sistema-de-matricula-por-atividade-academica-de-graduacao"],"acf":[],"_links":{"self":[{"href":"https:\/\/sites.uel.br\/prograd\/wp-json\/wp\/v2\/posts\/33013","targetHints":{"allow":["GET"]}}],"collection":[{"href":"https:\/\/sites.uel.br\/prograd\/wp-json\/wp\/v2\/posts"}],"about":[{"href":"https:\/\/sites.uel.br\/prograd\/wp-json\/wp\/v2\/types\/post"}],"author":[{"embeddable":true,"href":"https:\/\/sites.uel.br\/prograd\/wp-json\/wp\/v2\/users\/8"}],"replies":[{"embeddable":true,"href":"https:\/\/sites.uel.br\/prograd\/wp-json\/wp\/v2\/comments?post=33013"}],"version-history":[{"count":1,"href":"https:\/\/sites.uel.br\/prograd\/wp-json\/wp\/v2\/posts\/33013\/revisions"}],"predecessor-version":[{"id":33017,"href":"https:\/\/sites.uel.br\/prograd\/wp-json\/wp\/v2\/posts\/33013\/revisions\/33017"}],"wp:attachment":[{"href":"https:\/\/sites.uel.br\/prograd\/wp-json\/wp\/v2\/media?parent=33013"}],"wp:term":[{"taxonomy":"category","embeddable":true,"href":"https:\/\/sites.uel.br\/prograd\/wp-json\/wp\/v2\/categories?post=33013"},{"taxonomy":"post_tag","embeddable":true,"href":"https:\/\/sites.uel.br\/prograd\/wp-json\/wp\/v2\/tags?post=33013"}],"curies":[{"name":"wp","href":"https:\/\/api.w.org\/{rel}","templated":true}]}}