{"id":31758,"date":"2024-08-07T13:49:14","date_gmt":"2024-08-07T16:49:14","guid":{"rendered":"https:\/\/sites.uel.br\/prograd\/?p=31758"},"modified":"2024-08-07T13:49:15","modified_gmt":"2024-08-07T16:49:15","slug":"uel-participa-da-feira-das-profissoes-empreendedorismo-e-inovacao-de-ibipora","status":"publish","type":"post","link":"https:\/\/sites.uel.br\/prograd\/feira-das-profissoes\/2024\/08\/07\/uel-participa-da-feira-das-profissoes-empreendedorismo-e-inovacao-de-ibipora\/","title":{"rendered":"UEL participa da Feira das Profiss\u00f5es, Empreendedorismo e Inova\u00e7\u00e3o de Ibipor\u00e3"},"content":{"rendered":"\n<figure class=\"wp-block-embed is-type-wp-embed is-provider-o-perobal wp-block-embed-o-perobal\"><div class=\"wp-block-embed__wrapper\">\n<blockquote class=\"wp-embedded-content\" data-secret=\"K5ifcTLX2X\"><a href=\"https:\/\/operobal.uel.br\/extensao\/2024\/08\/06\/uel-participa-da-feira-das-profissoes-empreendedorismo-e-inovacao-de-ibipora\/\">UEL participa da Feira das Profiss\u00f5es, Empreendedorismo e Inova\u00e7\u00e3o de Ibipor\u00e3<\/a><\/blockquote><iframe loading=\"lazy\" class=\"wp-embedded-content\" sandbox=\"allow-scripts\" security=\"restricted\" style=\"position: absolute; visibility: hidden;\" title=\"&#8220;UEL participa da Feira das Profiss\u00f5es, Empreendedorismo e Inova\u00e7\u00e3o de Ibipor\u00e3&#8221; &#8212; O Perobal\" src=\"https:\/\/operobal.uel.br\/extensao\/2024\/08\/06\/uel-participa-da-feira-das-profissoes-empreendedorismo-e-inovacao-de-ibipora\/embed\/#?secret=9xvTi3zHVE#?secret=K5ifcTLX2X\" data-secret=\"K5ifcTLX2X\" width=\"500\" height=\"282\" frameborder=\"0\" marginwidth=\"0\" marginheight=\"0\" scrolling=\"no\"><\/iframe>\n<\/div><\/figure>\n\n\n\n<p>Adolescentes ficaram sabendo um pouco mais sobre os cursos de gradua\u00e7\u00e3o da Universidade, al\u00e9m do Vestibular 2025, que recebe inscri\u00e7\u00f5es at\u00e9 9 de setembro.<\/p>\n","protected":false},"excerpt":{"rendered":"<p>Adolescentes ficaram sabendo um pouco mais sobre os cursos de gradua\u00e7\u00e3o da Universidade, al\u00e9m do Vestibular 2025, que recebe inscri\u00e7\u00f5es at\u00e9 9 de setembro.<\/p>\n","protected":false},"author":8,"featured_media":0,"comment_status":"open","ping_status":"open","sticky":false,"template":"","format":"standard","meta":{"_acf_changed":false,"_themeisle_gutenberg_block_has_review":false,"footnotes":""},"categories":[91],"tags":[],"class_list":["post-31758","post","type-post","status-publish","format-standard","hentry","category-feira-das-profissoes"],"acf":[],"_links":{"self":[{"href":"https:\/\/sites.uel.br\/prograd\/wp-json\/wp\/v2\/posts\/31758","targetHints":{"allow":["GET"]}}],"collection":[{"href":"https:\/\/sites.uel.br\/prograd\/wp-json\/wp\/v2\/posts"}],"about":[{"href":"https:\/\/sites.uel.br\/prograd\/wp-json\/wp\/v2\/types\/post"}],"author":[{"embeddable":true,"href":"https:\/\/sites.uel.br\/prograd\/wp-json\/wp\/v2\/users\/8"}],"replies":[{"embeddable":true,"href":"https:\/\/sites.uel.br\/prograd\/wp-json\/wp\/v2\/comments?post=31758"}],"version-history":[{"count":1,"href":"https:\/\/sites.uel.br\/prograd\/wp-json\/wp\/v2\/posts\/31758\/revisions"}],"predecessor-version":[{"id":31759,"href":"https:\/\/sites.uel.br\/prograd\/wp-json\/wp\/v2\/posts\/31758\/revisions\/31759"}],"wp:attachment":[{"href":"https:\/\/sites.uel.br\/prograd\/wp-json\/wp\/v2\/media?parent=31758"}],"wp:term":[{"taxonomy":"category","embeddable":true,"href":"https:\/\/sites.uel.br\/prograd\/wp-json\/wp\/v2\/categories?post=31758"},{"taxonomy":"post_tag","embeddable":true,"href":"https:\/\/sites.uel.br\/prograd\/wp-json\/wp\/v2\/tags?post=31758"}],"curies":[{"name":"wp","href":"https:\/\/api.w.org\/{rel}","templated":true}]}}