{"id":31253,"date":"2024-07-05T16:43:51","date_gmt":"2024-07-05T19:43:51","guid":{"rendered":"https:\/\/sites.uel.br\/prograd\/?p=31253"},"modified":"2024-07-08T14:25:35","modified_gmt":"2024-07-08T17:25:35","slug":"resultado-das-disciplinas-ano-letivo-de-2024","status":"publish","type":"post","link":"https:\/\/sites.uel.br\/prograd\/disciplinas\/2024\/07\/05\/resultado-das-disciplinas-ano-letivo-de-2024\/","title":{"rendered":"Resultado das Disciplinas &#8211; Ano Letivo de 2024"},"content":{"rendered":"\n<p class=\"has-text-align-center has-verde-claro-background-color has-background\"><strong>Editais com o resultado das disciplinas do Sistema de Matr\u00edcula por Atividade Acad\u00eamica de Gradua\u00e7\u00e3o, Disciplinas Opcionais da \u00canfase, Disciplinas Optativas, Disciplinas Especiais e Disciplinas Eletivas &#8211; Ano Letivo de 2024<\/strong><br><br><em>Obs: Hor\u00e1rios dispon\u00edveis no <a href=\"https:\/\/www.uel.br\/portaldoestudante\/\" target=\"_blank\" rel=\"noreferrer noopener\">Portal do Estudante de Gradua\u00e7\u00e3o<\/a>, em &#8220;Documentos&#8221;, op\u00e7\u00e3o &#8220;Disciplinas Matriculadas&#8221;.<\/em><\/p>\n\n\n\n<div id=\"wp-block-themeisle-blocks-accordion-c53cb1e6\" class=\"wp-block-themeisle-blocks-accordion exclusive\">\n<details class=\"wp-block-themeisle-blocks-accordion-item\"><summary class=\"wp-block-themeisle-blocks-accordion-item__title\"><div><strong>Sistema de Matr\u00edcula por Atividade Acad\u00eamica de Gradua\u00e7\u00e3o<\/strong><\/div><\/summary><div class=\"wp-block-themeisle-blocks-accordion-item__content\">\n<p><a href=\"https:\/\/sites.uel.br\/prograd\/wp-content\/uploads\/documentos\/editais\/2024\/prograd\/edital_06_24_12_24.pdf\" target=\"_blank\" rel=\"noreferrer noopener\"><\/a><a href=\"https:\/\/sites.uel.br\/prograd\/wp-content\/uploads\/documentos\/editais\/2024\/prograd\/edital_68_24_76_24.pdf\" target=\"_blank\" rel=\"noreferrer noopener\">Edital Prograd 068\/2024 a 076\/2024<\/a><\/p>\n<\/div><\/details>\n\n\n\n<details class=\"wp-block-themeisle-blocks-accordion-item\"><summary class=\"wp-block-themeisle-blocks-accordion-item__title\"><div><strong><strong>Disciplinas Opcionais da \u00canfase<\/strong><\/strong><\/div><\/summary><div class=\"wp-block-themeisle-blocks-accordion-item__content\">\n<p><a href=\"https:\/\/sites.uel.br\/prograd\/wp-content\/uploads\/documentos\/editais\/2024\/prograd\/edital_13_24.pdf\" target=\"_blank\" rel=\"noreferrer noopener\"><\/a><a href=\"https:\/\/sites.uel.br\/prograd\/wp-content\/uploads\/documentos\/editais\/2024\/prograd\/edital_77_24.pdf\" target=\"_blank\" rel=\"noreferrer noopener\">Edital Prograd 077\/2024<\/a><\/p>\n<\/div><\/details>\n\n\n\n<details class=\"wp-block-themeisle-blocks-accordion-item\"><summary class=\"wp-block-themeisle-blocks-accordion-item__title\"><div><strong><strong>Disciplinas Optativas<\/strong><\/strong><\/div><\/summary><div class=\"wp-block-themeisle-blocks-accordion-item__content\">\n<p><a href=\"https:\/\/sites.uel.br\/prograd\/wp-content\/uploads\/documentos\/editais\/2024\/prograd\/edital_13_24.pdf\" target=\"_blank\" rel=\"noreferrer noopener\"><\/a><a href=\"https:\/\/sites.uel.br\/prograd\/wp-content\/uploads\/documentos\/editais\/2024\/prograd\/edital_78_24_85_24.pdf\" target=\"_blank\" rel=\"noreferrer noopener\"><\/a><a href=\"https:\/\/sites.uel.br\/prograd\/wp-content\/uploads\/documentos\/editais\/2024\/prograd\/edital_78_24_85_24.pdf\" target=\"_blank\" rel=\"noreferrer noopener\">Edital Prograd 078\/2024 a 085\/2024<\/a><\/p>\n<\/div><\/details>\n\n\n\n<details class=\"wp-block-themeisle-blocks-accordion-item\"><summary class=\"wp-block-themeisle-blocks-accordion-item__title\"><div><strong><strong>Disciplinas Especiais<\/strong><\/strong><\/div><\/summary><div class=\"wp-block-themeisle-blocks-accordion-item__content\">\n<p><a href=\"https:\/\/sites.uel.br\/prograd\/wp-content\/uploads\/documentos\/editais\/2024\/prograd\/edital_13_24.pdf\" target=\"_blank\" rel=\"noreferrer noopener\"><\/a><a href=\"https:\/\/sites.uel.br\/prograd\/wp-content\/uploads\/documentos\/editais\/2024\/prograd\/edital_86_24_93_24.pdf\" target=\"_blank\" rel=\"noreferrer noopener\"><\/a><a href=\"https:\/\/sites.uel.br\/prograd\/wp-content\/uploads\/documentos\/editais\/2024\/prograd\/edital_86_24_93_24.pdf\" target=\"_blank\" rel=\"noreferrer noopener\">Edital Prograd 086\/2024 a 093\/2024<\/a><\/p>\n<\/div><\/details>\n\n\n\n<details class=\"wp-block-themeisle-blocks-accordion-item\"><summary class=\"wp-block-themeisle-blocks-accordion-item__title\"><div><strong><strong>Disciplinas Eletivas<\/strong><\/strong><\/div><\/summary><div class=\"wp-block-themeisle-blocks-accordion-item__content\">\n<p><a href=\"https:\/\/sites.uel.br\/prograd\/wp-content\/uploads\/documentos\/editais\/2024\/prograd\/edital_13_24.pdf\" target=\"_blank\" rel=\"noreferrer noopener\"><\/a><a href=\"https:\/\/sites.uel.br\/prograd\/wp-content\/uploads\/documentos\/editais\/2024\/prograd\/edital_94_24_102_24.pdf\" target=\"_blank\" rel=\"noreferrer noopener\"><\/a><a href=\"https:\/\/sites.uel.br\/prograd\/wp-content\/uploads\/documentos\/editais\/2024\/prograd\/edital_94_24_102_24.pdf\" target=\"_blank\" rel=\"noreferrer noopener\">Edital Prograd 094\/2024 a 102\/2024<\/a><\/p>\n<\/div><\/details>\n<\/div>\n\n\n\n<p><\/p>\n\n\n\n<p><\/p>\n\n\n\n<p><\/p>\n\n\n\n<p><\/p>\n\n\n\n<p><\/p>\n","protected":false},"excerpt":{"rendered":"<p>Editais com o resultado das disciplinas do Sistema de Matr\u00edcula por Atividade Acad\u00eamica de Gradua\u00e7\u00e3o, Disciplinas Opcionais da \u00canfase, Disciplinas Optativas, Disciplinas Especiais e Disciplinas Eletivas &#8211; Ano Letivo de 2024 Obs: Hor\u00e1rios dispon\u00edveis no Portal do Estudante de Gradua\u00e7\u00e3o, em &#8220;Documentos&#8221;, op\u00e7\u00e3o &#8220;Disciplinas Matriculadas&#8221;.<\/p>\n","protected":false},"author":8,"featured_media":0,"comment_status":"open","ping_status":"open","sticky":false,"template":"","format":"standard","meta":{"_acf_changed":false,"_themeisle_gutenberg_block_has_review":false,"footnotes":""},"categories":[49,87,86,83,85,82],"tags":[],"class_list":["post-31253","post","type-post","status-publish","format-standard","hentry","category-disciplinas","category-disciplinas-eletivas","category-disciplinas-especiais","category-disciplinas-opcionais-da-enfase","category-disciplinas-optativas","category-sistema-de-matricula-por-atividade-academica-de-graduacao"],"acf":[],"_links":{"self":[{"href":"https:\/\/sites.uel.br\/prograd\/wp-json\/wp\/v2\/posts\/31253","targetHints":{"allow":["GET"]}}],"collection":[{"href":"https:\/\/sites.uel.br\/prograd\/wp-json\/wp\/v2\/posts"}],"about":[{"href":"https:\/\/sites.uel.br\/prograd\/wp-json\/wp\/v2\/types\/post"}],"author":[{"embeddable":true,"href":"https:\/\/sites.uel.br\/prograd\/wp-json\/wp\/v2\/users\/8"}],"replies":[{"embeddable":true,"href":"https:\/\/sites.uel.br\/prograd\/wp-json\/wp\/v2\/comments?post=31253"}],"version-history":[{"count":10,"href":"https:\/\/sites.uel.br\/prograd\/wp-json\/wp\/v2\/posts\/31253\/revisions"}],"predecessor-version":[{"id":31281,"href":"https:\/\/sites.uel.br\/prograd\/wp-json\/wp\/v2\/posts\/31253\/revisions\/31281"}],"wp:attachment":[{"href":"https:\/\/sites.uel.br\/prograd\/wp-json\/wp\/v2\/media?parent=31253"}],"wp:term":[{"taxonomy":"category","embeddable":true,"href":"https:\/\/sites.uel.br\/prograd\/wp-json\/wp\/v2\/categories?post=31253"},{"taxonomy":"post_tag","embeddable":true,"href":"https:\/\/sites.uel.br\/prograd\/wp-json\/wp\/v2\/tags?post=31253"}],"curies":[{"name":"wp","href":"https:\/\/api.w.org\/{rel}","templated":true}]}}