{"id":30815,"date":"2024-06-20T07:48:36","date_gmt":"2024-06-20T10:48:36","guid":{"rendered":"https:\/\/sites.uel.br\/prograd\/?p=30815"},"modified":"2024-06-20T07:49:39","modified_gmt":"2024-06-20T10:49:39","slug":"atendimento-exclusivo-da-tcgl-para-estudantes-da-uel-segue-ate-sexta-21","status":"publish","type":"post","link":"https:\/\/sites.uel.br\/prograd\/cartao-transporte\/2024\/06\/20\/atendimento-exclusivo-da-tcgl-para-estudantes-da-uel-segue-ate-sexta-21\/","title":{"rendered":"Atendimento exclusivo da TCGL para estudantes da UEL segue at\u00e9 sexta (21)"},"content":{"rendered":"\n<figure class=\"wp-block-embed is-type-video is-provider-youtube wp-block-embed-youtube wp-embed-aspect-16-9 wp-has-aspect-ratio\"><div class=\"wp-block-embed__wrapper\">\n<iframe loading=\"lazy\" title=\"Atendimento exclusivo da TCGL para estudantes da UEL segue at\u00e9 sexta (21)\" width=\"500\" height=\"281\" src=\"https:\/\/www.youtube.com\/embed\/SpQ4pz2QVLY?feature=oembed\" frameborder=\"0\" allow=\"accelerometer; autoplay; clipboard-write; encrypted-media; gyroscope; picture-in-picture; web-share\" referrerpolicy=\"strict-origin-when-cross-origin\" allowfullscreen><\/iframe>\n<\/div><\/figure>\n\n\n\n<p>Os estudantes, tanto ingressantes como os demais que cursam a partir do 2\u00ba ano, devem agendar o atendimento no Programa de Transporte Escolar Municipal (PTEM), que concede desconto de 50% ou isen\u00e7\u00e3o total.<\/p>\n\n\n\n<p>Com informa\u00e7\u00f5es da TV UEL.<\/p>\n","protected":false},"excerpt":{"rendered":"<p>Os estudantes, tanto ingressantes como os demais que cursam a partir do 2\u00ba ano, devem agendar o atendimento no Programa de Transporte Escolar Municipal (PTEM), que concede desconto de 50% ou isen\u00e7\u00e3o total. Com informa\u00e7\u00f5es da TV UEL.<\/p>\n","protected":false},"author":8,"featured_media":0,"comment_status":"open","ping_status":"open","sticky":false,"template":"","format":"standard","meta":{"_acf_changed":false,"_themeisle_gutenberg_block_has_review":false,"footnotes":""},"categories":[71,72],"tags":[],"class_list":["post-30815","post","type-post","status-publish","format-standard","hentry","category-cartao-transporte","category-sebec"],"acf":[],"_links":{"self":[{"href":"https:\/\/sites.uel.br\/prograd\/wp-json\/wp\/v2\/posts\/30815","targetHints":{"allow":["GET"]}}],"collection":[{"href":"https:\/\/sites.uel.br\/prograd\/wp-json\/wp\/v2\/posts"}],"about":[{"href":"https:\/\/sites.uel.br\/prograd\/wp-json\/wp\/v2\/types\/post"}],"author":[{"embeddable":true,"href":"https:\/\/sites.uel.br\/prograd\/wp-json\/wp\/v2\/users\/8"}],"replies":[{"embeddable":true,"href":"https:\/\/sites.uel.br\/prograd\/wp-json\/wp\/v2\/comments?post=30815"}],"version-history":[{"count":3,"href":"https:\/\/sites.uel.br\/prograd\/wp-json\/wp\/v2\/posts\/30815\/revisions"}],"predecessor-version":[{"id":30818,"href":"https:\/\/sites.uel.br\/prograd\/wp-json\/wp\/v2\/posts\/30815\/revisions\/30818"}],"wp:attachment":[{"href":"https:\/\/sites.uel.br\/prograd\/wp-json\/wp\/v2\/media?parent=30815"}],"wp:term":[{"taxonomy":"category","embeddable":true,"href":"https:\/\/sites.uel.br\/prograd\/wp-json\/wp\/v2\/categories?post=30815"},{"taxonomy":"post_tag","embeddable":true,"href":"https:\/\/sites.uel.br\/prograd\/wp-json\/wp\/v2\/tags?post=30815"}],"curies":[{"name":"wp","href":"https:\/\/api.w.org\/{rel}","templated":true}]}}