{"id":30810,"date":"2024-06-19T15:55:37","date_gmt":"2024-06-19T18:55:37","guid":{"rendered":"https:\/\/sites.uel.br\/prograd\/?p=30810"},"modified":"2024-06-21T16:01:59","modified_gmt":"2024-06-21T19:01:59","slug":"guia-academico-uel-2","status":"publish","type":"post","link":"https:\/\/sites.uel.br\/prograd\/guia-academico\/2024\/06\/19\/guia-academico-uel-2\/","title":{"rendered":"Guia Acad\u00eamico UEL"},"content":{"rendered":"<div class=\"wp-block-image\">\n<figure class=\"aligncenter size-full\"><img loading=\"lazy\" decoding=\"async\" width=\"1200\" height=\"764\" src=\"https:\/\/sites.uel.br\/prograd\/wp-content\/uploads\/2024\/06\/guia_academico_uel_site.jpg\" alt=\"\" class=\"wp-image-30848\" srcset=\"https:\/\/sites.uel.br\/prograd\/wp-content\/uploads\/2024\/06\/guia_academico_uel_site.jpg 1200w, https:\/\/sites.uel.br\/prograd\/wp-content\/uploads\/2024\/06\/guia_academico_uel_site-300x191.jpg 300w, https:\/\/sites.uel.br\/prograd\/wp-content\/uploads\/2024\/06\/guia_academico_uel_site-1024x652.jpg 1024w, https:\/\/sites.uel.br\/prograd\/wp-content\/uploads\/2024\/06\/guia_academico_uel_site-768x489.jpg 768w\" sizes=\"auto, (max-width: 1200px) 100vw, 1200px\" \/><\/figure>\n<\/div>\n\n\n<p>O Guia Acad\u00eamico apresenta informa\u00e7\u00f5es sobre as normas que regulam sua vida acad\u00eamica, como prazos e procedimentos, apresenta o Projeto Pedag\u00f3gico do seu curso, os servi\u00e7os de apoio prestados pela Institui\u00e7\u00e3o, a organiza\u00e7\u00e3o administrativa e a localiza\u00e7\u00e3o dos centros e espa\u00e7os acad\u00eamicos, informa\u00e7\u00f5es estas que ser\u00e3o de utilidade durante seu percurso na UEL.&nbsp;<\/p>\n\n\n\n<p>Acesse: <a href=\"https:\/\/sites.uel.br\/prograd\/guia-academico\/\">https:\/\/sites.uel.br\/prograd\/guia-academico<\/a><\/p>\n","protected":false},"excerpt":{"rendered":"<p>O Guia Acad\u00eamico apresenta informa\u00e7\u00f5es sobre as normas que regulam sua vida acad\u00eamica, como prazos e procedimentos, apresenta o Projeto Pedag\u00f3gico do seu curso, os servi\u00e7os de apoio prestados pela Institui\u00e7\u00e3o, a organiza\u00e7\u00e3o administrativa e a localiza\u00e7\u00e3o dos centros e espa\u00e7os acad\u00eamicos, informa\u00e7\u00f5es estas que ser\u00e3o de utilidade durante seu percurso na UEL.&nbsp; Acesse: https:\/\/sites.uel.br\/prograd\/guia-academico<\/p>\n","protected":false},"author":8,"featured_media":0,"comment_status":"open","ping_status":"open","sticky":false,"template":"","format":"standard","meta":{"_acf_changed":false,"_themeisle_gutenberg_block_has_review":false,"footnotes":""},"categories":[26],"tags":[],"class_list":["post-30810","post","type-post","status-publish","format-standard","hentry","category-guia-academico"],"acf":[],"_links":{"self":[{"href":"https:\/\/sites.uel.br\/prograd\/wp-json\/wp\/v2\/posts\/30810","targetHints":{"allow":["GET"]}}],"collection":[{"href":"https:\/\/sites.uel.br\/prograd\/wp-json\/wp\/v2\/posts"}],"about":[{"href":"https:\/\/sites.uel.br\/prograd\/wp-json\/wp\/v2\/types\/post"}],"author":[{"embeddable":true,"href":"https:\/\/sites.uel.br\/prograd\/wp-json\/wp\/v2\/users\/8"}],"replies":[{"embeddable":true,"href":"https:\/\/sites.uel.br\/prograd\/wp-json\/wp\/v2\/comments?post=30810"}],"version-history":[{"count":4,"href":"https:\/\/sites.uel.br\/prograd\/wp-json\/wp\/v2\/posts\/30810\/revisions"}],"predecessor-version":[{"id":30849,"href":"https:\/\/sites.uel.br\/prograd\/wp-json\/wp\/v2\/posts\/30810\/revisions\/30849"}],"wp:attachment":[{"href":"https:\/\/sites.uel.br\/prograd\/wp-json\/wp\/v2\/media?parent=30810"}],"wp:term":[{"taxonomy":"category","embeddable":true,"href":"https:\/\/sites.uel.br\/prograd\/wp-json\/wp\/v2\/categories?post=30810"},{"taxonomy":"post_tag","embeddable":true,"href":"https:\/\/sites.uel.br\/prograd\/wp-json\/wp\/v2\/tags?post=30810"}],"curies":[{"name":"wp","href":"https:\/\/api.w.org\/{rel}","templated":true}]}}