{"id":29792,"date":"2024-05-17T09:38:58","date_gmt":"2024-05-17T12:38:58","guid":{"rendered":"https:\/\/sites.uel.br\/prograd\/?p=29792"},"modified":"2024-05-17T11:12:57","modified_gmt":"2024-05-17T14:12:57","slug":"inscricoes-para-o-processo-de-selecao-de-estudantes-para-o-grupo-pet-bio-programa-de-educacao-tutorial-ciencias-biologicas","status":"publish","type":"post","link":"https:\/\/sites.uel.br\/prograd\/pet\/2024\/05\/17\/inscricoes-para-o-processo-de-selecao-de-estudantes-para-o-grupo-pet-bio-programa-de-educacao-tutorial-ciencias-biologicas\/","title":{"rendered":"Inscri\u00e7\u00f5es para o processo de sele\u00e7\u00e3o de estudantes para o grupo PET-BIO \u2013 Programa de Educa\u00e7\u00e3o Tutorial (Ci\u00eancias Biol\u00f3gicas)"},"content":{"rendered":"\n<p>Torna p\u00fablica a abertura de inscri\u00e7\u00e3o para o processo de sele\u00e7\u00e3o de estudantes de gradua\u00e7\u00e3o em Ci\u00eancias Biol\u00f3gicas, Bacharelado ou Licenciatura, para atuarem como bolsistas no Grupo de Educa\u00e7\u00e3o Tutorial PET-BIO<\/p>\n\n\n\n<p>Inscri\u00e7\u00f5es de: 20\/05\/2024 a 24\/05\/2024<\/p>\n\n\n\n<p>Mais informa\u00e7\u00f5es (Edital Prograd 43\/2024):\u00a0<a href=\"https:\/\/sites.uel.br\/prograd\/wp-content\/uploads\/documentos\/editais\/2024\/prograd\/edital_43_24.pdf\" target=\"_blank\" rel=\"noreferrer noopener\">acesse aqui<\/a>.<\/p>\n\n\n\n<p>Anexo I (Edital Prograd 43\/2024): <a href=\"https:\/\/sites.uel.br\/prograd\/wp-content\/uploads\/documentos\/editais\/2024\/prograd\/edital_43_24_anexo_i.docx\" target=\"_blank\" rel=\"noreferrer noopener\">acesse aqui<\/a>.<\/p>\n","protected":false},"excerpt":{"rendered":"<p>Torna p\u00fablica a abertura de inscri\u00e7\u00e3o para o processo de sele\u00e7\u00e3o de estudantes de gradua\u00e7\u00e3o em Ci\u00eancias Biol\u00f3gicas, Bacharelado ou Licenciatura, para atuarem como bolsistas no Grupo de Educa\u00e7\u00e3o Tutorial PET-BIO Inscri\u00e7\u00f5es de: 20\/05\/2024 a 24\/05\/2024 Mais informa\u00e7\u00f5es (Edital Prograd 43\/2024):\u00a0acesse aqui. Anexo I (Edital Prograd 43\/2024): acesse aqui.<\/p>\n","protected":false},"author":8,"featured_media":0,"comment_status":"open","ping_status":"open","sticky":false,"template":"","format":"standard","meta":{"_acf_changed":false,"_themeisle_gutenberg_block_has_review":false,"footnotes":""},"categories":[57],"tags":[],"class_list":["post-29792","post","type-post","status-publish","format-standard","hentry","category-pet"],"acf":[],"_links":{"self":[{"href":"https:\/\/sites.uel.br\/prograd\/wp-json\/wp\/v2\/posts\/29792","targetHints":{"allow":["GET"]}}],"collection":[{"href":"https:\/\/sites.uel.br\/prograd\/wp-json\/wp\/v2\/posts"}],"about":[{"href":"https:\/\/sites.uel.br\/prograd\/wp-json\/wp\/v2\/types\/post"}],"author":[{"embeddable":true,"href":"https:\/\/sites.uel.br\/prograd\/wp-json\/wp\/v2\/users\/8"}],"replies":[{"embeddable":true,"href":"https:\/\/sites.uel.br\/prograd\/wp-json\/wp\/v2\/comments?post=29792"}],"version-history":[{"count":3,"href":"https:\/\/sites.uel.br\/prograd\/wp-json\/wp\/v2\/posts\/29792\/revisions"}],"predecessor-version":[{"id":29800,"href":"https:\/\/sites.uel.br\/prograd\/wp-json\/wp\/v2\/posts\/29792\/revisions\/29800"}],"wp:attachment":[{"href":"https:\/\/sites.uel.br\/prograd\/wp-json\/wp\/v2\/media?parent=29792"}],"wp:term":[{"taxonomy":"category","embeddable":true,"href":"https:\/\/sites.uel.br\/prograd\/wp-json\/wp\/v2\/categories?post=29792"},{"taxonomy":"post_tag","embeddable":true,"href":"https:\/\/sites.uel.br\/prograd\/wp-json\/wp\/v2\/tags?post=29792"}],"curies":[{"name":"wp","href":"https:\/\/api.w.org\/{rel}","templated":true}]}}